{"id":171162,"date":"2022-10-31T12:00:00","date_gmt":"2022-10-31T10:00:00","guid":{"rendered":"https:\/\/www.tucomarca.com\/wordpress\/segunda\/?p=171162"},"modified":"2022-10-31T18:05:29","modified_gmt":"2022-10-31T16:05:29","slug":"el-espectaculo-sons-de-levant-llena-el-teatro-liceo-de-musica-de-compositores-y-compositoras-valencianas","status":"publish","type":"post","link":"https:\/\/www.tucomarca.com\/wordpress\/segunda\/el-espectaculo-sons-de-levant-llena-el-teatro-liceo-de-musica-de-compositores-y-compositoras-valencianas\/","title":{"rendered":"El espect\u00e1culo &#8216;Sons de Levant&#8217; llena el teatro Liceo de m\u00fasica de compositores y compositoras valencianas"},"content":{"rendered":"\n<p>El pasado s\u00e1bado, 29 de octubre, tuvo lugar en el Teatro Liceo de Cheste el concierto <em>Sons de Llevant,<\/em> a cargo del grupo Plaerdemavida Ensemble, una actuaci\u00f3n financiada por el Instituto de Lengua Valenciana de la Generalitat que tiene el objetivo de poner en valor la lengua valenciana a trav\u00e9s de la m\u00fasica de compositores y compositoras de la Comunidad Valenciana.<\/p>\n\n\n\n<p>El tr\u00edo Plaerdemavida, compuesto por la soprano Paloma Chiner, el violoncelista Jorge Fanjul y el pianista Pablo Garc\u00eda-Berlanga, centra su trabajo en la m\u00fasica desde finales del siglo XVIII hasta la actualidad. \u201cDesde que presentaron su proyecto <em>Azulao<\/em> en 2016, han actuado por todo el mundo, pasando por Nueva York, Tokio, Georgia o Italia. Su espect\u00e1culo <em>Sons de Llevant<\/em> rescata el patrimonio musical valenciano y estuvo nominado a los premios de la m\u00fasica Carles Santos de la Generalitat Valenciana, en la categor\u00eda de Mejor disco de tradici\u00f3n de patrimonio\u201d introduc\u00eda la concejala de Cultura, M\u00aa \u00c1ngeles Llorente, antes de dar comienzo al concierto.<\/p>\n\n\n\n<p>\u201cDesde el siglo XVIII hasta la actualidad, hemos tenido una gran proliferaci\u00f3n de compositores y compositoras valencianos, en muchos casos desconocidos y hoy vamos a tener la oportunidad de acercarnos a su m\u00fasica. Algunos de los compositores a los que hace referencia Plaerdemavida Ensemble son Manuel Palau, Vicente Asensio, Armando Blanquer, Vicent Garc\u00e9s o \u00c1ngeles L\u00f3pez Artiga. La propuesta <em>Sons de Llevant<\/em>, pretende ofrecer una muestra suficientemente significativa de las obras de estas personas. La riqueza del patrimonio musical y po\u00e9tico valenciano queda muy reflejada en las canciones que van a interpretar\u201d, conclu\u00eda Llorente.<\/p>\n\n\n\n<p><strong>Concierto&nbsp;<\/strong><\/p>\n\n\n\n<p>Plaerdemavida ofreci\u00f3 un programa compuesto por obras valencianas en su totalidad, con t\u00edtulos como <em>Can\u00e7\u00f3 de la marinera Fidel<\/em>, <em>Lluna d\u2019estiu<\/em>, <em>Al mar<\/em>, <em>El temps<\/em> o <em>Sonata de abril; <\/em>piezas que fueron presentado por los propios integrantes del grupo. \u201cCon la investigaci\u00f3n que hicimos de recopilar repertorio podemos decir que s\u00ed hay una escuela de m\u00fasica valenciana que tiene una particularidad y lenguaje propios que se llevan en el mediterr\u00e1neo y en la naturaleza\u201d, declaraba Paloma Chiner, soprano del grupo.<\/p>\n","protected":false},"excerpt":{"rendered":"<div class=\"mh-excerpt\">El pasado s\u00e1bado, 29 de octubre, tuvo lugar en el Teatro Liceo de Cheste el concierto Sons de Llevant, a cargo del grupo Plaerdemavida Ensemble, una actuaci\u00f3n financiada por el Instituto de Lengua Valenciana de <a class=\"mh-excerpt-more\" href=\"https:\/\/www.tucomarca.com\/wordpress\/segunda\/el-espectaculo-sons-de-levant-llena-el-teatro-liceo-de-musica-de-compositores-y-compositoras-valencianas\/\" title=\"El espect\u00e1culo &#8216;Sons de Levant&#8217; llena el teatro Liceo de m\u00fasica de compositores y compositoras valencianas\">[+] <\/a><\/div>\n","protected":false},"author":12,"featured_media":171163,"comment_status":"open","ping_status":"open","sticky":false,"template":"","format":"standard","meta":{"footnotes":""},"categories":[17,10,7,3],"tags":[339,5952,2854],"class_list":{"0":"post-171162","1":"post","2":"type-post","3":"status-publish","4":"format-standard","5":"has-post-thumbnail","7":"category-cheste","8":"category-la-hoya","9":"category-ocio-y-cultura","10":"category-seccion","11":"tag-cheste-2","12":"tag-la-hoya-de-bunol-chiva","13":"tag-teatro-liceo"},"_links":{"self":[{"href":"https:\/\/www.tucomarca.com\/wordpress\/segunda\/wp-json\/wp\/v2\/posts\/171162","targetHints":{"allow":["GET"]}}],"collection":[{"href":"https:\/\/www.tucomarca.com\/wordpress\/segunda\/wp-json\/wp\/v2\/posts"}],"about":[{"href":"https:\/\/www.tucomarca.com\/wordpress\/segunda\/wp-json\/wp\/v2\/types\/post"}],"author":[{"embeddable":true,"href":"https:\/\/www.tucomarca.com\/wordpress\/segunda\/wp-json\/wp\/v2\/users\/12"}],"replies":[{"embeddable":true,"href":"https:\/\/www.tucomarca.com\/wordpress\/segunda\/wp-json\/wp\/v2\/comments?post=171162"}],"version-history":[{"count":0,"href":"https:\/\/www.tucomarca.com\/wordpress\/segunda\/wp-json\/wp\/v2\/posts\/171162\/revisions"}],"wp:featuredmedia":[{"embeddable":true,"href":"https:\/\/www.tucomarca.com\/wordpress\/segunda\/wp-json\/wp\/v2\/media\/171163"}],"wp:attachment":[{"href":"https:\/\/www.tucomarca.com\/wordpress\/segunda\/wp-json\/wp\/v2\/media?parent=171162"}],"wp:term":[{"taxonomy":"category","embeddable":true,"href":"https:\/\/www.tucomarca.com\/wordpress\/segunda\/wp-json\/wp\/v2\/categories?post=171162"},{"taxonomy":"post_tag","embeddable":true,"href":"https:\/\/www.tucomarca.com\/wordpress\/segunda\/wp-json\/wp\/v2\/tags?post=171162"}],"curies":[{"name":"wp","href":"https:\/\/api.w.org\/{rel}","templated":true}]}}