{"id":171182,"date":"2022-10-31T15:35:00","date_gmt":"2022-10-31T13:35:00","guid":{"rendered":"https:\/\/www.tucomarca.com\/wordpress\/segunda\/?p=171182"},"modified":"2022-10-31T18:17:17","modified_gmt":"2022-10-31T16:17:17","slug":"la-sequia-provoca-tambien-una-escasez-de-rebollones","status":"publish","type":"post","link":"https:\/\/www.tucomarca.com\/wordpress\/segunda\/la-sequia-provoca-tambien-una-escasez-de-rebollones\/","title":{"rendered":"La sequ\u00eda provoca tambi\u00e9n una escasez de rebollones"},"content":{"rendered":"\n<p>Los recolectores de hongos Rebollones de la comarca Requena-Utiel, est\u00e1n este a\u00f1o un poco desilusionados. La escasez de lluvia que se est\u00e1 registrando este oto\u00f1o, ha provocado que apenas hayan salido ejemplares de este rico manjar en los montes de la comarca.<\/p>\n\n\n\n<p>Los rebollones se cr\u00edan principalmente en las monta\u00f1as del norte y del este de la comarca.<\/p>\n\n\n\n<p>Parece que en el \u00e1mbito nacional la producci\u00f3n de hongos est\u00e1 siendo tambi\u00e9n escasa en esta temporada. Informa, <strong>Luis Ib\u00e1\u00f1ez.<\/strong><\/p>\n","protected":false},"excerpt":{"rendered":"<div class=\"mh-excerpt\">Los recolectores de hongos Rebollones de la comarca Requena-Utiel, est\u00e1n este a\u00f1o un poco desilusionados. La escasez de lluvia que se est\u00e1 registrando este oto\u00f1o, ha provocado que apenas hayan salido ejemplares de este rico <a class=\"mh-excerpt-more\" href=\"https:\/\/www.tucomarca.com\/wordpress\/segunda\/la-sequia-provoca-tambien-una-escasez-de-rebollones\/\" title=\"La sequ\u00eda provoca tambi\u00e9n una escasez de rebollones\">[+] <\/a><\/div>\n","protected":false},"author":12,"featured_media":116852,"comment_status":"open","ping_status":"open","sticky":false,"template":"","format":"standard","meta":{"footnotes":""},"categories":[49,46,8,72,59,117,27,3,45],"tags":[12871,10387,2238],"class_list":{"0":"post-171182","1":"post","2":"type-post","3":"status-publish","4":"format-standard","5":"has-post-thumbnail","7":"category-ademuz","8":"category-camp-de-turia","9":"category-la-comarca","10":"category-sin-categorizar","11":"category-los-serranos","12":"category-medio-ambiente-la-comarca","13":"category-requena-utiel","14":"category-seccion","15":"category-ventana","16":"tag-rebollones","17":"tag-requena-utiel","18":"tag-sequia"},"_links":{"self":[{"href":"https:\/\/www.tucomarca.com\/wordpress\/segunda\/wp-json\/wp\/v2\/posts\/171182","targetHints":{"allow":["GET"]}}],"collection":[{"href":"https:\/\/www.tucomarca.com\/wordpress\/segunda\/wp-json\/wp\/v2\/posts"}],"about":[{"href":"https:\/\/www.tucomarca.com\/wordpress\/segunda\/wp-json\/wp\/v2\/types\/post"}],"author":[{"embeddable":true,"href":"https:\/\/www.tucomarca.com\/wordpress\/segunda\/wp-json\/wp\/v2\/users\/12"}],"replies":[{"embeddable":true,"href":"https:\/\/www.tucomarca.com\/wordpress\/segunda\/wp-json\/wp\/v2\/comments?post=171182"}],"version-history":[{"count":0,"href":"https:\/\/www.tucomarca.com\/wordpress\/segunda\/wp-json\/wp\/v2\/posts\/171182\/revisions"}],"wp:featuredmedia":[{"embeddable":true,"href":"https:\/\/www.tucomarca.com\/wordpress\/segunda\/wp-json\/wp\/v2\/media\/116852"}],"wp:attachment":[{"href":"https:\/\/www.tucomarca.com\/wordpress\/segunda\/wp-json\/wp\/v2\/media?parent=171182"}],"wp:term":[{"taxonomy":"category","embeddable":true,"href":"https:\/\/www.tucomarca.com\/wordpress\/segunda\/wp-json\/wp\/v2\/categories?post=171182"},{"taxonomy":"post_tag","embeddable":true,"href":"https:\/\/www.tucomarca.com\/wordpress\/segunda\/wp-json\/wp\/v2\/tags?post=171182"}],"curies":[{"name":"wp","href":"https:\/\/api.w.org\/{rel}","templated":true}]}}