{"id":171221,"date":"2022-11-02T10:00:00","date_gmt":"2022-11-02T08:00:00","guid":{"rendered":"https:\/\/www.tucomarca.com\/wordpress\/segunda\/?p=171221"},"modified":"2022-11-02T20:18:38","modified_gmt":"2022-11-02T18:18:38","slug":"benaguasil-proclama-a-sus-falleras-mayores","status":"publish","type":"post","link":"https:\/\/www.tucomarca.com\/wordpress\/segunda\/benaguasil-proclama-a-sus-falleras-mayores\/","title":{"rendered":"Benaguasil proclama a sus Falleras Mayores"},"content":{"rendered":"\n<h4 class=\"wp-block-heading\">Monti Arru\u00e9, es la nueva Fallera Mayor y Ainhoa Gramuntell, la nueva Fallera Mayor Infantil para el 2023.<\/h4>\n\n\n\n<h4 class=\"wp-block-heading\">Al acto asistieron juntas locales falleras de poblaciones vecinas que les presentaron sus respetos y las comisiones falleras de Benaguasil.<\/h4>\n\n\n\n<p>Benaguasil ha llevado a cabo este fin de semana el acto de proclamaci\u00f3n de las que ser\u00e1n las Falleras Mayores de Benaguasil, Monti Arru\u00e9 Dom\u00e9nech y Ainhoa Gramuntell Jim\u00e9nez.<\/p>\n\n\n\n<p>La jornada se inici\u00f3 con un pasacalles en el que las m\u00e1ximas representantes de Benaguasil fueron acompa\u00f1adas desde la Plaza Mariano Benlliure hasta las puertas del Auditorio de la Uni\u00f3n Musical por las comisiones falleras y por juntas locales de poblaciones vecinas, as\u00ed como por las autoridades locales.&nbsp;<\/p>\n\n\n\n<p>Pasadas las siete de la tarde daba comienzo el esperado acto y Monti i Ainhoa eran recibidas con aplausos y elogios en el Auditorio. La primera en subir al escenario fue Ainhoa, acompa\u00f1ada por la presidenta de la JLF, Pepa Cano y por la concejal de Fiestas, Ana Aleixandre, que fue la encargada de imponerle la banda y la joia que la acredita como la m\u00e1xima representante de los ni\u00f1os de Benaguasil.<\/p>\n\n\n\n<p>Acto seguido lleg\u00f3 el momento de proclamar a Monti, que acompa\u00f1ada por la presidenta de la JLF, Pepa Cano y por el alcalde, Ximo Segarra, recibi\u00f3 la banda de fallera mayor de manos de \u00e9ste.<\/p>\n\n\n\n<p>Tras ello subieron al escenario las juntas locales de Alacu\u00e1s, Sedavi, B\u00e9tera, Benet\u00fasser, Ribarroja, Liria, La Vall d\u2019Uix\u00f3, Moncada, La Pobla de Vallbona, y las 10 comisiones falleras de Benaguasil.<\/p>\n\n\n\n<p>La concejala de Fallas y el Alcalde cerraron el acto con la imposici\u00f3n del escudo de oro a las nuevas falleras mayores y les desearon un a\u00f1o repleto de emociones y qu\u00e9 disfruten al m\u00e1ximo de cada uno de los actos falleros. La velada finaliz\u00f3 con el himno regional.<\/p>\n","protected":false},"excerpt":{"rendered":"<div class=\"mh-excerpt\">Monti Arru\u00e9, es la nueva Fallera Mayor y Ainhoa Gramuntell, la nueva Fallera Mayor Infantil para el 2023. Al acto asistieron juntas locales falleras de poblaciones vecinas que les presentaron sus respetos y las comisiones <a class=\"mh-excerpt-more\" href=\"https:\/\/www.tucomarca.com\/wordpress\/segunda\/benaguasil-proclama-a-sus-falleras-mayores\/\" title=\"Benaguasil proclama a sus Falleras Mayores\">[+] <\/a><\/div>\n","protected":false},"author":12,"featured_media":171224,"comment_status":"open","ping_status":"open","sticky":false,"template":"","format":"standard","meta":{"footnotes":""},"categories":[172,46,8,5,7,383,3],"tags":[10429,10395,17139,2491],"class_list":{"0":"post-171221","1":"post","2":"type-post","3":"status-publish","4":"format-standard","5":"has-post-thumbnail","7":"category-benaguasil","8":"category-camp-de-turia","9":"category-la-comarca","10":"category-la-semana-en-imagenes","11":"category-ocio-y-cultura","12":"category-pueblos-en-fiestas","13":"category-seccion","14":"tag-benaguasil","15":"tag-camp-de-turia","16":"tag-fallas-2023","17":"tag-falleras-mayores"},"_links":{"self":[{"href":"https:\/\/www.tucomarca.com\/wordpress\/segunda\/wp-json\/wp\/v2\/posts\/171221","targetHints":{"allow":["GET"]}}],"collection":[{"href":"https:\/\/www.tucomarca.com\/wordpress\/segunda\/wp-json\/wp\/v2\/posts"}],"about":[{"href":"https:\/\/www.tucomarca.com\/wordpress\/segunda\/wp-json\/wp\/v2\/types\/post"}],"author":[{"embeddable":true,"href":"https:\/\/www.tucomarca.com\/wordpress\/segunda\/wp-json\/wp\/v2\/users\/12"}],"replies":[{"embeddable":true,"href":"https:\/\/www.tucomarca.com\/wordpress\/segunda\/wp-json\/wp\/v2\/comments?post=171221"}],"version-history":[{"count":0,"href":"https:\/\/www.tucomarca.com\/wordpress\/segunda\/wp-json\/wp\/v2\/posts\/171221\/revisions"}],"wp:featuredmedia":[{"embeddable":true,"href":"https:\/\/www.tucomarca.com\/wordpress\/segunda\/wp-json\/wp\/v2\/media\/171224"}],"wp:attachment":[{"href":"https:\/\/www.tucomarca.com\/wordpress\/segunda\/wp-json\/wp\/v2\/media?parent=171221"}],"wp:term":[{"taxonomy":"category","embeddable":true,"href":"https:\/\/www.tucomarca.com\/wordpress\/segunda\/wp-json\/wp\/v2\/categories?post=171221"},{"taxonomy":"post_tag","embeddable":true,"href":"https:\/\/www.tucomarca.com\/wordpress\/segunda\/wp-json\/wp\/v2\/tags?post=171221"}],"curies":[{"name":"wp","href":"https:\/\/api.w.org\/{rel}","templated":true}]}}