{"id":17123,"date":"2013-08-10T12:53:31","date_gmt":"2013-08-10T09:53:31","guid":{"rendered":"http:\/\/www.tucomarca.com\/wordpress\/segunda\/?p=17123"},"modified":"2013-08-10T12:53:31","modified_gmt":"2013-08-10T09:53:31","slug":"turis-encara-la-recta-final-de-sus-fiestas-taurinas-y-patronales","status":"publish","type":"post","link":"https:\/\/www.tucomarca.com\/wordpress\/segunda\/turis-encara-la-recta-final-de-sus-fiestas-taurinas-y-patronales\/","title":{"rendered":"Tur\u00eds encara la recta final de sus fiestas taurinas y patronales"},"content":{"rendered":"<p>Tur\u00eds afronta este fin de semana los \u00faltimos d\u00edas de su semana taurina y con ellos la recta final de sus fiestas patronales y populares. Desde el pasado martes el toro de cuerda recorre las calles del pueblo para llegar a casa de cada una de las festeras mientras que la entrada de vaquillas ameniza los momentos posteriores a los multitudinarios almuerzos.<br \/>\nEn la plaza se han celebrado diferentes concursos taurinos. Este s\u00e1bado por la tarde, sin ir m\u00e1s lejos, tendr\u00e1 lugar el de recortes a partir de las 19 horas Y por las noches los espect\u00e1culos musicales en la explanada del conservatorio de m\u00fasica se alternan con el toro embolado en la plaza. Esta noche la \u00faltima macrodiscom\u00f3vil emitir\u00e1 las \u00faltimas notas de las fiestas.<br \/>\nEl domingo los turisanos dir\u00e1n adi\u00f3s a sus fiestas no sin antes dedicar la jornada a la cuestaci\u00f3n ben\u00e9fica contra el c\u00e1ncer en la que, como ya es tradicional, colaboran la Reina de las Fiestas Bego\u00f1a Gonz\u00e1ez, y su corte de honor. Por la tarde un especial de la ganader\u00eda de Fernando Machancoses pondr\u00e1 fin a los festejos.<\/p>\n","protected":false},"excerpt":{"rendered":"<div class=\"mh-excerpt\">Tur\u00eds afronta este fin de semana los \u00faltimos d\u00edas de su semana taurina y con ellos la recta final de sus fiestas patronales y populares. Desde el pasado martes el toro de cuerda recorre las <a class=\"mh-excerpt-more\" href=\"https:\/\/www.tucomarca.com\/wordpress\/segunda\/turis-encara-la-recta-final-de-sus-fiestas-taurinas-y-patronales\/\" title=\"Tur\u00eds encara la recta final de sus fiestas taurinas y patronales\">[+] <\/a><\/div>\n","protected":false},"author":2,"featured_media":0,"comment_status":"open","ping_status":"open","sticky":false,"template":"","format":"standard","meta":{"footnotes":""},"categories":[4,3],"tags":[],"class_list":{"0":"post-17123","1":"post","2":"type-post","3":"status-publish","4":"format-standard","6":"category-agenda","7":"category-seccion"},"_links":{"self":[{"href":"https:\/\/www.tucomarca.com\/wordpress\/segunda\/wp-json\/wp\/v2\/posts\/17123","targetHints":{"allow":["GET"]}}],"collection":[{"href":"https:\/\/www.tucomarca.com\/wordpress\/segunda\/wp-json\/wp\/v2\/posts"}],"about":[{"href":"https:\/\/www.tucomarca.com\/wordpress\/segunda\/wp-json\/wp\/v2\/types\/post"}],"author":[{"embeddable":true,"href":"https:\/\/www.tucomarca.com\/wordpress\/segunda\/wp-json\/wp\/v2\/users\/2"}],"replies":[{"embeddable":true,"href":"https:\/\/www.tucomarca.com\/wordpress\/segunda\/wp-json\/wp\/v2\/comments?post=17123"}],"version-history":[{"count":0,"href":"https:\/\/www.tucomarca.com\/wordpress\/segunda\/wp-json\/wp\/v2\/posts\/17123\/revisions"}],"wp:attachment":[{"href":"https:\/\/www.tucomarca.com\/wordpress\/segunda\/wp-json\/wp\/v2\/media?parent=17123"}],"wp:term":[{"taxonomy":"category","embeddable":true,"href":"https:\/\/www.tucomarca.com\/wordpress\/segunda\/wp-json\/wp\/v2\/categories?post=17123"},{"taxonomy":"post_tag","embeddable":true,"href":"https:\/\/www.tucomarca.com\/wordpress\/segunda\/wp-json\/wp\/v2\/tags?post=17123"}],"curies":[{"name":"wp","href":"https:\/\/api.w.org\/{rel}","templated":true}]}}