{"id":171285,"date":"2022-11-02T14:00:00","date_gmt":"2022-11-02T12:00:00","guid":{"rendered":"https:\/\/www.tucomarca.com\/wordpress\/segunda\/?p=171285"},"modified":"2022-11-02T20:55:22","modified_gmt":"2022-11-02T18:55:22","slug":"el-circuit-ricardo-tormo-ultima-los-preparativos-para-el-gran-premio-de-la-comunitat-valenciana","status":"publish","type":"post","link":"https:\/\/www.tucomarca.com\/wordpress\/segunda\/el-circuit-ricardo-tormo-ultima-los-preparativos-para-el-gran-premio-de-la-comunitat-valenciana\/","title":{"rendered":"El Circuit Ricardo Tormo ultima los preparativos para el Gran Premio de la Comunitat Valenciana"},"content":{"rendered":"\n<h4 class=\"wp-block-heading\">El t\u00edtulo de MotoGP se decidir\u00e1 en el Circuit entre Francesco Bagnaia (Ducati) y Fabio Quartararo (Yamaha)<\/h4>\n\n\n\n<h4 class=\"wp-block-heading\">En Moto2, Augusto Fern\u00e1ndez (Red Bull KTM Ajo) y Ai Ogura (Idemitsu Honda Team Asia) son los dos candidatos a ganar el campeonato<\/h4>\n\n\n\n<p>El Circuit Ricardo Tormo celebra el Gran Premio Motul de la Comunitat Valenciana este fin de semana del 4 al 6 de noviembre. El trazado valenciano volver\u00e1 a llenarse de miles de aficionados que disfrutar\u00e1n del \u00faltimo Gran Premio de la temporada, en el que se decidir\u00e1n los t\u00edtulos de MotoGP y Moto2.<\/p>\n\n\n\n<p>Esta ser\u00e1 la vigesimocuarta temporada consecutiva en la que el Mundial de MotoGP visite el Circuit Ricardo Tormo desde que lo hiciese por primera vez en 1999. En todas estas citas, el Ricardo Tormo ha sido sede en 19 ocasiones del cierre de temporada de MotoGP como el \u00faltimo Gran Premio del calendario y tiene seis premios IRTA como mejor Gran Premio de la temporada.<\/p>\n\n\n\n<p>El plato principal de esta temporada ser\u00e1 la decisi\u00f3n del t\u00edtulo de campe\u00f3n del mundo de MotoGP entre Francesco Bagnaia (Ducati) y Fabio Quartararo (Yamaha). El piloto italiano puede conseguir el segundo t\u00edtulo de MotoGP de la historia de Ducati, un campeonato que no consiguen desde 2007 cuando Casey Stoner militaba en las filas de la escuder\u00eda italiana. Para ello, a Bagnaia le bastar\u00e1 con terminar entre los catorce primeros clasificados en carrera o que Quartararo no sea el ganador el domingo.<\/p>\n\n\n\n<p>En Moto2 Augusto Fern\u00e1ndez (Red Bull KTM Ajo) y Ai Ogura (Idemitsu Honda Team Asia) se disputan el campeonato. Entre el piloto formado en la Cuna de Campeones y el japon\u00e9s hay tan solo una separaci\u00f3n de 8,5 puntos en la clasificaci\u00f3n, una diferencia corta que demuestra la regularidad de ambos durante la temporada: Fern\u00e1ndez suma ocho podios y cuatro victorias y Ogura, siete podios y tres victorias.<\/p>\n\n\n\n<p>En el plano deportivo, estos son los mayores atractivos, aunque no los \u00fanicos: tambi\u00e9n est\u00e1 por decidir la clasificaci\u00f3n final de MotoGP, el t\u00edtulo de mejor debutante en las categor\u00edas de Moto2 y Moto3, el subcampeonato de Moto3, el t\u00edtulo de la Red Bull MotoGP Rookies Cup y el de la FIM MiniGP World Series.<\/p>\n\n\n\n<p><strong>El p\u00fablico, gran protagonista<\/strong><\/p>\n\n\n\n<p>La afici\u00f3n vuelve a ser protagonista en el Circuit Ricardo Tormo. Un a\u00f1o m\u00e1s, las gradas del Circuit volver\u00e1n a estar llenas para recibir al Mundial de Motociclismo. De hecho, esta temporada vuelven tradiciones que dejaron de hacerse en los a\u00f1os de pandemia. El \u2018pit walk\u2019 vuelve el jueves 3 de noviembre para que los aficionados puedan conocer de cerca a sus \u00eddolos y puedan ver c\u00f3mo se trabaja en los boxes; tambi\u00e9n vuelve la invasi\u00f3n controlada a pista, con la que el p\u00fablico podr\u00e1 ver desde la recta del Circuit el podio de MotoGP.&nbsp;<\/p>\n\n\n\n<p>Adem\u00e1s, se estrena el \u2018MotoGP Hero Walk\u2019 y la \u2018fan zone\u2019 volver\u00e1 a estar activa con la visita de pilotos, equipos y un gran ambiente con m\u00fasica en directo. Como novedad, este a\u00f1o los aficionados tambi\u00e9n disfrutar\u00e1n de una nueva aplicaci\u00f3n para tel\u00e9fonos m\u00f3viles de MotoGP con la que podr\u00e1n disfrutar de las \u00faltimas noticias y del cronometraje en directo de manera gratuita.<\/p>\n\n\n\n<p>La actividad en pista comenzar\u00e1 el viernes con los primeros entrenamientos libres. Desde las nueve de la ma\u00f1ana saldr\u00e1n las motos a pista con dos entrenamientos libres de Moto3, Moto2 y MotoGP que finalizar\u00e1n a las 15.50 horas. Adem\u00e1s, a las 16.30 horas comenzar\u00e1 la primera carrera de la Red Bull MotoGP Rookies Cup.&nbsp;<\/p>\n\n\n\n<p>El s\u00e1bado ser\u00e1 el d\u00eda de sesiones clasificatorias. Los \u00faltimos entrenamientos libres comenzar\u00e1n con el FP3 de Moto3 a las nueve en punto. Las sesiones clasificatorias ser\u00e1n m\u00e1s tarde: a las 12.35&nbsp;horas comenzar\u00e1 la Q1 de Moto3; a las 14.10 horas, la Q1 de MotoGP, y a las 15.10 horas, la Q1 de Moto2, mientras que a las 16.30&nbsp;horas se celebrar\u00e1 la \u00faltima carrera de la temporada de la Red Bull MotoGP Rookies Cup.<\/p>\n\n\n\n<p>El domingo, tras las sesiones de \u2018warm up\u2019, las carreras tendr\u00e1n el horario habitual europeo: a las 11.00&nbsp;horas comenzar\u00e1 la carrera de Moto3; a las 12.20 horas, Moto2, y a las 14.00 horas, MotoGP. Adem\u00e1s, a las nueve en punto de la noche comenzar\u00e1 en Feria Val\u00e8ncia la gala de premios de MotoGP.&nbsp;<\/p>\n","protected":false},"excerpt":{"rendered":"<div class=\"mh-excerpt\">El t\u00edtulo de MotoGP se decidir\u00e1 en el Circuit entre Francesco Bagnaia (Ducati) y Fabio Quartararo (Yamaha) En Moto2, Augusto Fern\u00e1ndez (Red Bull KTM Ajo) y Ai Ogura (Idemitsu Honda Team Asia) son los dos <a class=\"mh-excerpt-more\" href=\"https:\/\/www.tucomarca.com\/wordpress\/segunda\/el-circuit-ricardo-tormo-ultima-los-preparativos-para-el-gran-premio-de-la-comunitat-valenciana\/\" title=\"El Circuit Ricardo Tormo ultima los preparativos para el Gran Premio de la Comunitat Valenciana\">[+] <\/a><\/div>\n","protected":false},"author":12,"featured_media":171289,"comment_status":"open","ping_status":"open","sticky":false,"template":"","format":"standard","meta":{"footnotes":""},"categories":[4,17,6,128,8,10,91,3,45],"tags":[10474,10716,11347,5952,6955,12990],"class_list":{"0":"post-171285","1":"post","2":"type-post","3":"status-publish","4":"format-standard","5":"has-post-thumbnail","7":"category-agenda","8":"category-cheste","9":"category-deportes","10":"category-infraestructuras","11":"category-la-comarca","12":"category-la-hoya","13":"category-motociclismo","14":"category-seccion","15":"category-ventana","16":"tag-circuit-ricardo-tormo","17":"tag-generalitat-valenciana","18":"tag-gran-premio-de-la-comunitat-valenciana","19":"tag-la-hoya-de-bunol-chiva","20":"tag-moto2","21":"tag-motogp"},"_links":{"self":[{"href":"https:\/\/www.tucomarca.com\/wordpress\/segunda\/wp-json\/wp\/v2\/posts\/171285","targetHints":{"allow":["GET"]}}],"collection":[{"href":"https:\/\/www.tucomarca.com\/wordpress\/segunda\/wp-json\/wp\/v2\/posts"}],"about":[{"href":"https:\/\/www.tucomarca.com\/wordpress\/segunda\/wp-json\/wp\/v2\/types\/post"}],"author":[{"embeddable":true,"href":"https:\/\/www.tucomarca.com\/wordpress\/segunda\/wp-json\/wp\/v2\/users\/12"}],"replies":[{"embeddable":true,"href":"https:\/\/www.tucomarca.com\/wordpress\/segunda\/wp-json\/wp\/v2\/comments?post=171285"}],"version-history":[{"count":0,"href":"https:\/\/www.tucomarca.com\/wordpress\/segunda\/wp-json\/wp\/v2\/posts\/171285\/revisions"}],"wp:featuredmedia":[{"embeddable":true,"href":"https:\/\/www.tucomarca.com\/wordpress\/segunda\/wp-json\/wp\/v2\/media\/171289"}],"wp:attachment":[{"href":"https:\/\/www.tucomarca.com\/wordpress\/segunda\/wp-json\/wp\/v2\/media?parent=171285"}],"wp:term":[{"taxonomy":"category","embeddable":true,"href":"https:\/\/www.tucomarca.com\/wordpress\/segunda\/wp-json\/wp\/v2\/categories?post=171285"},{"taxonomy":"post_tag","embeddable":true,"href":"https:\/\/www.tucomarca.com\/wordpress\/segunda\/wp-json\/wp\/v2\/tags?post=171285"}],"curies":[{"name":"wp","href":"https:\/\/api.w.org\/{rel}","templated":true}]}}