{"id":17129,"date":"2013-08-10T12:58:47","date_gmt":"2013-08-10T09:58:47","guid":{"rendered":"http:\/\/www.tucomarca.com\/wordpress\/segunda\/?p=17129"},"modified":"2013-08-10T12:58:47","modified_gmt":"2013-08-10T09:58:47","slug":"la-generalitat-decreta-la-preemergencia-por-riesgo-de-incendios-forestales-en-el-interior-y-en-el-sur-de-valencia-en-el-interior-de-castellon-y-en-el-norte-de-alicante","status":"publish","type":"post","link":"https:\/\/www.tucomarca.com\/wordpress\/segunda\/la-generalitat-decreta-la-preemergencia-por-riesgo-de-incendios-forestales-en-el-interior-y-en-el-sur-de-valencia-en-el-interior-de-castellon-y-en-el-norte-de-alicante\/","title":{"rendered":"La Generalitat decreta la Preemergencia por riesgo de incendios forestales en el interior y en el sur de Valencia, en el interior de Castell\u00f3n y en el norte de Alicante"},"content":{"rendered":"<p>La Generalitat, a trav\u00e9s de la Conselleria de Gobernaci\u00f3n y Justicia,  ha decretado hoy s\u00e1bado, 10 de agosto, el Nivel 3 de Preemergencia,  riesgo m\u00e1ximo de incendios forestales, en el interior y en el sur de la  provincia de Valencia, en todo el interior de la provincia de Castell\u00f3n y  en el norte de la provincia de Alicante.<\/p>\n<p>En este sentido  las comarcas con Nivel 3 de Preemergencia son las siguientes: Els Ports,  L&#8217;Alt Maestrat, zona interior del Baix Maestrat, L&#8217;Alcalat\u00e9n, Alto  Mijares, Alto Palancia, Rinc\u00f3n de Ademuz, Los Serrano, La Plana  Utiel-Requena, Camp de T\u00faria, Hoya de Bu\u00f1ol, Valle de Ayora-Cofrentes,  La Canal de Navarr\u00e9s, La Ribera Alta, La Safor, La Costera, La Vall  d&#8217;Albaida, La Marina Alta, El Comtat, L&#8217;Alcoi\u00e0, Vinalop\u00f3 Mitj\u00e0 y L&#8217;Alt  Vinalop\u00f3.<\/p>\n<p>La Agencia Estatal de Meteorolog\u00eda (AEMET)  espera un d\u00eda con \u00abcielos despejados o poco nubosos. Temperaturas  m\u00e1ximas en ligero ascenso, m\u00ednimas sin cambios o en ligero ascenso.  Vientos variables flojos, con intervalos de noroeste moderados al  principio en el extremo norte y brisas en el litoral, con alg\u00fan  intervalo de este moderado en el sur\u00bb.<\/p>\n<p>La Conselleria de  Gobernaci\u00f3n y Justicia recuerda que el Nivel 3 de Preemergencia o riesgo  m\u00e1ximo de incendios forestales supone la prohibici\u00f3n de realizar  cualquier tipo de fuego, incluso en las zonas recreativas autorizadas y  habilitadas al efecto.<\/p>\n<p>Ante esta situaci\u00f3n, el CCE mantiene  contacto directo con todos los ayuntamientos y organismos de emergencia  afectados con el fin de informarles de la situaci\u00f3n y evoluci\u00f3n de la  Preemergencia prevista para el d\u00eda hoy. Los efectivos que conforman el  Plan Especial ante el riesgo de incendios forestales de la Comunitat se  encuentran en m\u00e1xima alerta por si es necesaria su intervenci\u00f3n.<\/p>\n<p>Por  \u00faltimo, el CCE y la Conselleria de Gobernaci\u00f3n y Justicia hacen un  llamamiento a la prudencia de la sociedad en general para evitar, en la  medida de lo posible, posibles incendios forestales y a respetar y  cumplir en todo momento las normas que se derivan de decretar  Preemergencia por riesgo de incendios forestales.<\/p>\n<p>Consejos a la poblaci\u00f3n sobre incendios forestales<\/p>\n<p>No encender fuego bajo ning\u00fan concepto<\/p>\n<p>No fumar mientras se camina por el monte, ni arrojar, en ning\u00fan concepto, colillas o f\u00f3sforos desde veh\u00edculos.<\/p>\n<p>No utilizar artefactos o material explosivo como petardos, masclets, carcasas, etc.<\/p>\n<p>Nunca arrojar basuras, depositarlas en el contenedor del municipio m\u00e1s cercano.<\/p>\n<p>En  el monte o en sus inmediaciones nunca arrojar artefactos o material  explosivo como petardos, masclets, carcasas, etc., ni utilizar sin  autorizaci\u00f3n herramientas o motores que puedan producir una chispa o un  fuego.<\/p>\n<p>Si detecta un incendio, comun\u00edquelo inmediatamente al  tel\u00e9fono &#8216;112 Comunitat Valenciana&#8217;, sin pensar que alguien lo habr\u00e1  hecho ya o dar aviso a las autoridades m\u00e1s cercanas.<\/p>\n<p>En caso de  incendio, siga en todo momento las indicaciones que le sean dadas por el  personal que tiene atribuidas las misiones de vigilancia y extinci\u00f3n.  Est\u00e1n velando por tu seguridad e integridad f\u00edsica.<\/p>\n","protected":false},"excerpt":{"rendered":"<div class=\"mh-excerpt\">La Generalitat, a trav\u00e9s de la Conselleria de Gobernaci\u00f3n y Justicia, ha decretado hoy s\u00e1bado, 10 de agosto, el Nivel 3 de Preemergencia, riesgo m\u00e1ximo de incendios forestales, en el interior y en el sur <a class=\"mh-excerpt-more\" href=\"https:\/\/www.tucomarca.com\/wordpress\/segunda\/la-generalitat-decreta-la-preemergencia-por-riesgo-de-incendios-forestales-en-el-interior-y-en-el-sur-de-valencia-en-el-interior-de-castellon-y-en-el-norte-de-alicante\/\" title=\"La Generalitat decreta la Preemergencia por riesgo de incendios forestales en el interior y en el sur de Valencia, en el interior de Castell\u00f3n y en el norte de Alicante\">[+] <\/a><\/div>\n","protected":false},"author":1,"featured_media":0,"comment_status":"open","ping_status":"open","sticky":false,"template":"","format":"standard","meta":{"footnotes":""},"categories":[8,72,10,117,3],"tags":[],"class_list":{"0":"post-17129","1":"post","2":"type-post","3":"status-publish","4":"format-standard","6":"category-la-comarca","7":"category-sin-categorizar","8":"category-la-hoya","9":"category-medio-ambiente-la-comarca","10":"category-seccion"},"_links":{"self":[{"href":"https:\/\/www.tucomarca.com\/wordpress\/segunda\/wp-json\/wp\/v2\/posts\/17129","targetHints":{"allow":["GET"]}}],"collection":[{"href":"https:\/\/www.tucomarca.com\/wordpress\/segunda\/wp-json\/wp\/v2\/posts"}],"about":[{"href":"https:\/\/www.tucomarca.com\/wordpress\/segunda\/wp-json\/wp\/v2\/types\/post"}],"author":[{"embeddable":true,"href":"https:\/\/www.tucomarca.com\/wordpress\/segunda\/wp-json\/wp\/v2\/users\/1"}],"replies":[{"embeddable":true,"href":"https:\/\/www.tucomarca.com\/wordpress\/segunda\/wp-json\/wp\/v2\/comments?post=17129"}],"version-history":[{"count":0,"href":"https:\/\/www.tucomarca.com\/wordpress\/segunda\/wp-json\/wp\/v2\/posts\/17129\/revisions"}],"wp:attachment":[{"href":"https:\/\/www.tucomarca.com\/wordpress\/segunda\/wp-json\/wp\/v2\/media?parent=17129"}],"wp:term":[{"taxonomy":"category","embeddable":true,"href":"https:\/\/www.tucomarca.com\/wordpress\/segunda\/wp-json\/wp\/v2\/categories?post=17129"},{"taxonomy":"post_tag","embeddable":true,"href":"https:\/\/www.tucomarca.com\/wordpress\/segunda\/wp-json\/wp\/v2\/tags?post=17129"}],"curies":[{"name":"wp","href":"https:\/\/api.w.org\/{rel}","templated":true}]}}