{"id":17132,"date":"2013-08-10T13:03:41","date_gmt":"2013-08-10T10:03:41","guid":{"rendered":"http:\/\/www.tucomarca.com\/wordpress\/segunda\/?p=17132"},"modified":"2013-08-10T13:03:41","modified_gmt":"2013-08-10T10:03:41","slug":"fallece-el-conductor-de-un-camion-al-caer-por-un-desnivel-de-15-metros-en-la-a-3-a-la-altura-de-requena","status":"publish","type":"post","link":"https:\/\/www.tucomarca.com\/wordpress\/segunda\/fallece-el-conductor-de-un-camion-al-caer-por-un-desnivel-de-15-metros-en-la-a-3-a-la-altura-de-requena\/","title":{"rendered":"Fallece el conductor de un cami\u00f3n al caer por un desnivel de 15 metros en la A-3 a la altura de Requena"},"content":{"rendered":"<div id=\"cont_noticia\">\n<p>Seg\u00fan ha  informado el Consorcio Provincial de Bomberos, el conductor de un cami\u00f3n ha fallecido este viernes tras caer por un desnivel de  aproximadamente 15 metros cuando circulaba por el kil\u00f3metro 294 de la  A-3, en el t\u00e9rmino municipal de Requena, en direcci\u00f3n Madrid.<\/p>\n<p>Hasta el lugar de  los hechos se ha desplazado un Soporte Vital B\u00e1sico, bomberos del parque  de Chiva y Requena, y un helic\u00f3ptero medicalizado que ha evacuado al  fallecido. El suceso ha obligado a cortar el carril derecho de la A-3, y ha ocasionado retenciones de hasta dos kil\u00f3metros.<\/p>\n<\/div>\n","protected":false},"excerpt":{"rendered":"<div class=\"mh-excerpt\">Seg\u00fan ha informado el Consorcio Provincial de Bomberos, el conductor de un cami\u00f3n ha fallecido este viernes tras caer por un desnivel de aproximadamente 15 metros cuando circulaba por el kil\u00f3metro 294 de la A-3, <a class=\"mh-excerpt-more\" href=\"https:\/\/www.tucomarca.com\/wordpress\/segunda\/fallece-el-conductor-de-un-camion-al-caer-por-un-desnivel-de-15-metros-en-la-a-3-a-la-altura-de-requena\/\" title=\"Fallece el conductor de un cami\u00f3n al caer por un desnivel de 15 metros en la A-3 a la altura de Requena\">[+] <\/a><\/div>\n","protected":false},"author":1,"featured_media":0,"comment_status":"open","ping_status":"open","sticky":false,"template":"","format":"standard","meta":{"footnotes":""},"categories":[8,28,27,3,116],"tags":[],"class_list":{"0":"post-17132","1":"post","2":"type-post","3":"status-publish","4":"format-standard","6":"category-la-comarca","7":"category-requena","8":"category-requena-utiel","9":"category-seccion","10":"category-sucesos-la-comarca"},"_links":{"self":[{"href":"https:\/\/www.tucomarca.com\/wordpress\/segunda\/wp-json\/wp\/v2\/posts\/17132","targetHints":{"allow":["GET"]}}],"collection":[{"href":"https:\/\/www.tucomarca.com\/wordpress\/segunda\/wp-json\/wp\/v2\/posts"}],"about":[{"href":"https:\/\/www.tucomarca.com\/wordpress\/segunda\/wp-json\/wp\/v2\/types\/post"}],"author":[{"embeddable":true,"href":"https:\/\/www.tucomarca.com\/wordpress\/segunda\/wp-json\/wp\/v2\/users\/1"}],"replies":[{"embeddable":true,"href":"https:\/\/www.tucomarca.com\/wordpress\/segunda\/wp-json\/wp\/v2\/comments?post=17132"}],"version-history":[{"count":0,"href":"https:\/\/www.tucomarca.com\/wordpress\/segunda\/wp-json\/wp\/v2\/posts\/17132\/revisions"}],"wp:attachment":[{"href":"https:\/\/www.tucomarca.com\/wordpress\/segunda\/wp-json\/wp\/v2\/media?parent=17132"}],"wp:term":[{"taxonomy":"category","embeddable":true,"href":"https:\/\/www.tucomarca.com\/wordpress\/segunda\/wp-json\/wp\/v2\/categories?post=17132"},{"taxonomy":"post_tag","embeddable":true,"href":"https:\/\/www.tucomarca.com\/wordpress\/segunda\/wp-json\/wp\/v2\/tags?post=17132"}],"curies":[{"name":"wp","href":"https:\/\/api.w.org\/{rel}","templated":true}]}}