{"id":171322,"date":"2022-11-04T10:10:00","date_gmt":"2022-11-04T08:10:00","guid":{"rendered":"https:\/\/www.tucomarca.com\/wordpress\/segunda\/?p=171322"},"modified":"2022-11-04T11:26:06","modified_gmt":"2022-11-04T09:26:06","slug":"mil-alumnos-inscritos-en-el-concurso-literario-amic-ficcions","status":"publish","type":"post","link":"https:\/\/www.tucomarca.com\/wordpress\/segunda\/mil-alumnos-inscritos-en-el-concurso-literario-amic-ficcions\/","title":{"rendered":"Mil alumnos inscritos en el concurso literario AMIC-Ficcions\u00a0"},"content":{"rendered":"\n<p>La decimoquinta edici\u00f3n del concurso literario AMIC-Ficcions ha logrado los 1.000 participantes procedentes de 118 centros educativos, de los cuales 611 alumnos son de Catalu\u00f1a, 250 son del Pa\u00eds Valenciano, 126 de las Islas Baleares, 12 de Arag\u00f3n y 1 de la Catalu\u00f1a del Norte. Las inscripciones para participar en el certamen de creaci\u00f3n literaria se activaron el pasado 3 de octubre, y contin\u00faan abiertas para cualquier alumno de 14 a 18 a\u00f1os hasta el d\u00eda 31 de enero a trav\u00e9s de la p\u00e1gina web www.amicficcions.cat.<\/p>\n\n\n\n<p><strong>El funcionamiento<\/strong><\/p>\n\n\n\n<p>El concurso \u201cAMIC-Ficcions, la aventura de crear historias\u201d est\u00e1 enfocado a #alumno de 14 a 18 a\u00f1os que cursen 2.\u00ba ciclo de ESO, Bachillerato o Ciclos Formativos de Grado Mediano. El objetivo principal de esta iniciativa, creada por la Asociaci\u00f3n de mediados de Informaci\u00f3n y Comunicaci\u00f3n (AMIC), busca impulsar la creaci\u00f3n literaria y el trabajo en equipo de los estudiantes. As\u00ed como fomentar la escritura y la literatura en catal\u00e1n.<\/p>\n\n\n\n<p>Tomando cinco inicios de novela: Nosotros a la luna de Alice Kellen, Ciudades de Humo de Joana Marc\u00fas, Jaufr\u00e9 (an\u00f3nimo), Lo que pienso (sobre todo) de Jordi Sierra i Fabra y Tierras muertas de Nuria Bendicho Gir\u00f3. Los participantes tienen que escribir un relato dividido en tres cap\u00edtulos y colgarlos a trav\u00e9s del web del concurso siguiendo el calendario de entrega. Los alumnos podr\u00e1n participar tanto individualmente como en grupo de hasta tres personas.<\/p>\n\n\n\n<p><strong>Jurado, premios y gran final&nbsp;<\/strong><\/p>\n\n\n\n<p>Un jurado formado por personas vinculadas en el mundo de la literatura y la educaci\u00f3n ser\u00e1 el encargado de escoger los ganadores y los finalistas. Se valorar\u00e1 la calidad literaria de los textos, la coherencia argumental y la originalidad de las historias. La segunda quincena del mes de abril se publicar\u00e1n los nombres de los finalistas, y durante el mes de mayo se har\u00e1 la entrega de premios y diplomas en varios actos en todo los territorios de habla catalana.<\/p>\n\n\n\n<p>Los premios de la edici\u00f3n de este a\u00f1o son: iPhone, PlayStation, iPad, Smartwatch y auriculares inal\u00e1mbricos. Tambi\u00e9n se premiar\u00e1n a los profesores m\u00e1s motivadores de los diferentes territorios que m\u00e1s alumnos hayan presentado al concurso y, entre los cuales, m\u00e1s relatos hayan llegado a la final. Entre los premios al profesorado por provincias saldr\u00e1 el premio al Profesor m\u00e1s motivador de cada territorio, el cual estar\u00e1 galardonado con una estancia para dos personas de dos d\u00edas con cena o almorzar incluido.<\/p>\n\n\n\n<p><strong>Anteriores ediciones<\/strong><\/p>\n\n\n\n<p>En la \u00faltima edici\u00f3n participaron m\u00e1s de 4.493 estudiantes de segundo ciclo de ESO, Bachillerato y CFGM de Catalu\u00f1a, Islas Baleares, Pa\u00eds Valenciano y Catalu\u00f1a del Norte, provenientes de 284 centros educativos diferentes.<\/p>\n\n\n\n<p><strong>Organiza AMIC, compromiso con la educaci\u00f3n<\/strong><\/p>\n\n\n\n<p>AMIC, Asociaci\u00f3n de mediados de Informaci\u00f3n y Comunicaci\u00f3n, representa adem\u00e1s de quinientas publicaciones en papel y medios digitales fuertemente arraigadas en todo nuestro \u00e1mbito territorial, que conjuntamente llegan a una tirada en prensa de 1.200.000 ejemplares, mientras que en digital superan los 14.000.000 de usuarios \u00fanicos mensuales.<\/p>\n\n\n\n<p>La Asociaci\u00f3n quiere dar continuidad y potenciar esta iniciativa en la red que cuenta con un gran \u00e9xito de participaci\u00f3n de los j\u00f3venes y que tiene la voluntad de promover la creaci\u00f3n literaria, porque forma parte de su compromiso con la educaci\u00f3n, la juventud y la creaci\u00f3n.<\/p>\n\n\n\n<p>Para m\u00e1s informaci\u00f3n:<\/p>\n\n\n\n<p>\u2022 Email: ficcions@amic.media \u2013 Tel\u00e9fono: 934 527 371<\/p>\n\n\n\n<p>\u2022 Web del concurso: http:\/\/www.amicficcions.cat&nbsp;<\/p>\n\n\n\n<p><\/p>\n","protected":false},"excerpt":{"rendered":"<div class=\"mh-excerpt\">La decimoquinta edici\u00f3n del concurso literario AMIC-Ficcions ha logrado los 1.000 participantes procedentes de 118 centros educativos, de los cuales 611 alumnos son de Catalu\u00f1a, 250 son del Pa\u00eds Valenciano, 126 de las Islas Baleares, <a class=\"mh-excerpt-more\" href=\"https:\/\/www.tucomarca.com\/wordpress\/segunda\/mil-alumnos-inscritos-en-el-concurso-literario-amic-ficcions\/\" title=\"Mil alumnos inscritos en el concurso literario AMIC-Ficcions\u00a0\">[+] <\/a><\/div>\n","protected":false},"author":12,"featured_media":171324,"comment_status":"open","ping_status":"open","sticky":false,"template":"","format":"standard","meta":{"footnotes":""},"categories":[4,8,72,7,3],"tags":[13091],"class_list":{"0":"post-171322","1":"post","2":"type-post","3":"status-publish","4":"format-standard","5":"has-post-thumbnail","7":"category-agenda","8":"category-la-comarca","9":"category-sin-categorizar","10":"category-ocio-y-cultura","11":"category-seccion","12":"tag-amic-ficcions"},"_links":{"self":[{"href":"https:\/\/www.tucomarca.com\/wordpress\/segunda\/wp-json\/wp\/v2\/posts\/171322","targetHints":{"allow":["GET"]}}],"collection":[{"href":"https:\/\/www.tucomarca.com\/wordpress\/segunda\/wp-json\/wp\/v2\/posts"}],"about":[{"href":"https:\/\/www.tucomarca.com\/wordpress\/segunda\/wp-json\/wp\/v2\/types\/post"}],"author":[{"embeddable":true,"href":"https:\/\/www.tucomarca.com\/wordpress\/segunda\/wp-json\/wp\/v2\/users\/12"}],"replies":[{"embeddable":true,"href":"https:\/\/www.tucomarca.com\/wordpress\/segunda\/wp-json\/wp\/v2\/comments?post=171322"}],"version-history":[{"count":0,"href":"https:\/\/www.tucomarca.com\/wordpress\/segunda\/wp-json\/wp\/v2\/posts\/171322\/revisions"}],"wp:featuredmedia":[{"embeddable":true,"href":"https:\/\/www.tucomarca.com\/wordpress\/segunda\/wp-json\/wp\/v2\/media\/171324"}],"wp:attachment":[{"href":"https:\/\/www.tucomarca.com\/wordpress\/segunda\/wp-json\/wp\/v2\/media?parent=171322"}],"wp:term":[{"taxonomy":"category","embeddable":true,"href":"https:\/\/www.tucomarca.com\/wordpress\/segunda\/wp-json\/wp\/v2\/categories?post=171322"},{"taxonomy":"post_tag","embeddable":true,"href":"https:\/\/www.tucomarca.com\/wordpress\/segunda\/wp-json\/wp\/v2\/tags?post=171322"}],"curies":[{"name":"wp","href":"https:\/\/api.w.org\/{rel}","templated":true}]}}