{"id":171337,"date":"2022-11-03T11:30:00","date_gmt":"2022-11-03T09:30:00","guid":{"rendered":"https:\/\/www.tucomarca.com\/wordpress\/segunda\/?p=171337"},"modified":"2022-11-04T02:35:53","modified_gmt":"2022-11-04T00:35:53","slug":"el-ayuntamiento-de-requena-mejora-los-pipicanes-del-municipio","status":"publish","type":"post","link":"https:\/\/www.tucomarca.com\/wordpress\/segunda\/el-ayuntamiento-de-requena-mejora-los-pipicanes-del-municipio\/","title":{"rendered":"El Ayuntamiento de Requena mejora los pipicanes del municipio"},"content":{"rendered":"\n<p>En Requena, han comenzado diversas obras de renovaci\u00f3n y mejora en los pipicanes de la localidad, que est\u00e1n dotadas con un presupuesto de 52.030\u20ac que asume \u00edntegramente el consistorio requenense.<\/p>\n\n\n\n<p>En primer lugar, se va a proceder a instalar un nuevo pipic\u00e1n en la zona de Higuerillas. Para ello, se aprovechar\u00e1 el terreno natural de la zona ajardinada con acceso directo desde la calle Higuerillas, realizando un vallado similar a los pipicanes ya existentes, mediante malla de simple torsi\u00f3n, dot\u00e1ndolo de una puerta doble de 3.00 metros de ancho que permita el acceso de maquinaria para su mantenimiento y una puerta de 0.90 m para acceso peatonal.<\/p>\n\n\n\n<p>En su interior se instalar\u00e1n un arenero para perros y dos postes para atar a las mascotas junto a los bancos, adem\u00e1s de un circuito \u00abagility\u00bb compuesto por diversos obst\u00e1culos de actividad f\u00edsica para los canes (slalom, puente, salto, t\u00fanel, muro, balanceo y barrera).<\/p>\n\n\n\n<p>En la ubicaci\u00f3n del actual pipic\u00e1n de Higuerillas, se desmontar\u00e1 parte del vallado, concretamente el tramo correspondiente a la fachada de acceso y se quitar\u00e1 la papelera met\u00e1lica para mascotas, con el fin de convertir dicho espacio en una zona de aparcamiento.Asimismo, se marcar\u00e1n dos vados en las aceras existentes para el paso de veh\u00edculos.<\/p>\n\n\n\n<p>Por lo que respecta a la adecuaci\u00f3n de los pipicanes existentes, la soluci\u00f3n adoptada var\u00eda seg\u00fan las condiciones de cada uno, pero b\u00e1sicamente, se proceder\u00e1 a retirar tanto las papeleras como los bancos actuales que se hallen en mal estado.<\/p>\n\n\n\n<p>Posteriormente se realizar\u00e1 un despeje y desbroce de toda la superficie del pipic\u00e1n, eliminando las malas hierbas y acondicionando el terreno.<\/p>\n\n\n\n<p>Tambi\u00e9n se repasar\u00e1 todo el vallado, reparando las zonas deterioradas y se a\u00f1adir\u00e1 una puerta de dos hojas de 3.00 m de anchura, con el fin de facilitar el acceso de maquinaria para el mantenimiento del pipic\u00e1n en cuesti\u00f3n.<\/p>\n\n\n\n<p>Asimismo, se instalar\u00e1 un arenero para perros en cada pipic\u00e1n, con el fin de enriquecer la estancia de los animales, as\u00ed como nuevas papeleras para depositar en ellas los excrementos de las mascotas, y dos bancos en zona de sombra en cada pipic\u00e1n para que puedan descansar los amos de los perros y facilitar as\u00ed su estancia en dichos emplazamientos, colocando junto a los mismos un poste para atar a los canes en caso de ser necesario.<\/p>\n\n\n\n<p>Finalmente, se renovar\u00e1 el alumbrado en aquellos pipicanes que lo requieran, como son el de la Estaci\u00f3n y el de la Urbanizaci\u00f3n San Jos\u00e9, reparando tambi\u00e9n la zona de acceso a este \u00faltimo, mediante la demolici\u00f3n del actual caball\u00f3n de hormig\u00f3n en la entrada al camino y la realizaci\u00f3n de una solera de hormig\u00f3n en el tramo del camino desde la calle hasta el final del vallado. Informa,<strong> Luis Ib\u00e1\u00f1ez.<\/strong><\/p>\n","protected":false},"excerpt":{"rendered":"<div class=\"mh-excerpt\">En Requena, han comenzado diversas obras de renovaci\u00f3n y mejora en los pipicanes de la localidad, que est\u00e1n dotadas con un presupuesto de 52.030\u20ac que asume \u00edntegramente el consistorio requenense. En primer lugar, se va <a class=\"mh-excerpt-more\" href=\"https:\/\/www.tucomarca.com\/wordpress\/segunda\/el-ayuntamiento-de-requena-mejora-los-pipicanes-del-municipio\/\" title=\"El Ayuntamiento de Requena mejora los pipicanes del municipio\">[+] <\/a><\/div>\n","protected":false},"author":12,"featured_media":171340,"comment_status":"open","ping_status":"open","sticky":false,"template":"","format":"standard","meta":{"footnotes":""},"categories":[128,8,117,28,27,3],"tags":[18208,10388,10387],"class_list":{"0":"post-171337","1":"post","2":"type-post","3":"status-publish","4":"format-standard","5":"has-post-thumbnail","7":"category-infraestructuras","8":"category-la-comarca","9":"category-medio-ambiente-la-comarca","10":"category-requena","11":"category-requena-utiel","12":"category-seccion","13":"tag-pipicanes","14":"tag-requena","15":"tag-requena-utiel"},"_links":{"self":[{"href":"https:\/\/www.tucomarca.com\/wordpress\/segunda\/wp-json\/wp\/v2\/posts\/171337","targetHints":{"allow":["GET"]}}],"collection":[{"href":"https:\/\/www.tucomarca.com\/wordpress\/segunda\/wp-json\/wp\/v2\/posts"}],"about":[{"href":"https:\/\/www.tucomarca.com\/wordpress\/segunda\/wp-json\/wp\/v2\/types\/post"}],"author":[{"embeddable":true,"href":"https:\/\/www.tucomarca.com\/wordpress\/segunda\/wp-json\/wp\/v2\/users\/12"}],"replies":[{"embeddable":true,"href":"https:\/\/www.tucomarca.com\/wordpress\/segunda\/wp-json\/wp\/v2\/comments?post=171337"}],"version-history":[{"count":0,"href":"https:\/\/www.tucomarca.com\/wordpress\/segunda\/wp-json\/wp\/v2\/posts\/171337\/revisions"}],"wp:featuredmedia":[{"embeddable":true,"href":"https:\/\/www.tucomarca.com\/wordpress\/segunda\/wp-json\/wp\/v2\/media\/171340"}],"wp:attachment":[{"href":"https:\/\/www.tucomarca.com\/wordpress\/segunda\/wp-json\/wp\/v2\/media?parent=171337"}],"wp:term":[{"taxonomy":"category","embeddable":true,"href":"https:\/\/www.tucomarca.com\/wordpress\/segunda\/wp-json\/wp\/v2\/categories?post=171337"},{"taxonomy":"post_tag","embeddable":true,"href":"https:\/\/www.tucomarca.com\/wordpress\/segunda\/wp-json\/wp\/v2\/tags?post=171337"}],"curies":[{"name":"wp","href":"https:\/\/api.w.org\/{rel}","templated":true}]}}