{"id":171398,"date":"2022-11-04T18:00:00","date_gmt":"2022-11-04T16:00:00","guid":{"rendered":"https:\/\/www.tucomarca.com\/wordpress\/segunda\/?p=171398"},"modified":"2022-11-04T22:02:32","modified_gmt":"2022-11-04T20:02:32","slug":"sanidad-notifica-12-fallecimientos-y-1-840-nuevos-casos-de-coronavirus-en-la-comunitat-valenciana-1-144-de-ellos-en-personas-mayores-de-60-anos","status":"publish","type":"post","link":"https:\/\/www.tucomarca.com\/wordpress\/segunda\/sanidad-notifica-12-fallecimientos-y-1-840-nuevos-casos-de-coronavirus-en-la-comunitat-valenciana-1-144-de-ellos-en-personas-mayores-de-60-anos\/","title":{"rendered":"Sanidad notifica 12 fallecimientos y 1.840 nuevos casos de coronavirus en la Comunitat Valenciana, 1.144 de ellos en personas mayores de 60 a\u00f1os"},"content":{"rendered":"\n<h4 class=\"wp-block-heading\">Los hospitales valencianos tienen 273 personas ingresadas por COVID, 20 de ellas en la UCI<\/h4>\n\n\n\n<p>La Conselleria de Sanidad Universal y Salud P\u00fablica ha notificado un total de 1.840 nuevos casos de coronavirus confirmados por prueba PCR o a trav\u00e9s de test de ant\u00edgenos desde la \u00faltima actualizaci\u00f3n el pasado viernes. Los nuevos casos por provincias son 243 en Castell\u00f3n (192.775 en total), 443 en Alicante (529.920 en total) y 1.154 en Valencia (840.700 en total).<\/p>\n\n\n\n<p>De ellos, 1.144 son de personas mayores de 60 a\u00f1os. Por provincias: 166 de Castell\u00f3n, 288 de Alicante y 690 de Valencia.<\/p>\n\n\n\n<p>Los hospitales valencianos tienen actualmente 273 personas ingresadas por COVID, 20 de ellas en la UCI: 32 en la provincia de Castell\u00f3n, 2 en UCI; 80 en la provincia de Alicante, 7 de ellas en la UCI, y 161 en la provincia de Valencia, 11 en UCI.<\/p>\n\n\n\n<p>Se han notificado 12 fallecimientos por coronavirus desde la \u00faltima actualizaci\u00f3n, todos con fecha de defunci\u00f3n en los \u00faltimos 7 d\u00edas excepto un caso de septiembre. Se trata de 3 mujeres de entre 86 y 99 a\u00f1os, y 9 hombres de entre 60 y 96. El total de decesos desde el inicio de la pandemia asciende a 10.135: 1.205 en la provincia de Castell\u00f3n, 3.865 en la de Alicante y 5.065 en la de Valencia.<\/p>\n","protected":false},"excerpt":{"rendered":"<div class=\"mh-excerpt\">Los hospitales valencianos tienen 273 personas ingresadas por COVID, 20 de ellas en la UCI La Conselleria de Sanidad Universal y Salud P\u00fablica ha notificado un total de 1.840 nuevos casos de coronavirus confirmados por <a class=\"mh-excerpt-more\" href=\"https:\/\/www.tucomarca.com\/wordpress\/segunda\/sanidad-notifica-12-fallecimientos-y-1-840-nuevos-casos-de-coronavirus-en-la-comunitat-valenciana-1-144-de-ellos-en-personas-mayores-de-60-anos\/\" title=\"Sanidad notifica 12 fallecimientos y 1.840 nuevos casos de coronavirus en la Comunitat Valenciana, 1.144 de ellos en personas mayores de 60 a\u00f1os\">[+] <\/a><\/div>\n","protected":false},"author":12,"featured_media":164696,"comment_status":"open","ping_status":"open","sticky":false,"template":"","format":"standard","meta":{"footnotes":""},"categories":[119,12201,128,8,72,142,3,116],"tags":[10635,11937,11938,13475],"class_list":{"0":"post-171398","1":"post","2":"type-post","3":"status-publish","4":"format-standard","5":"has-post-thumbnail","7":"category-sanidad-la-comarca","8":"category-covid-19","9":"category-infraestructuras","10":"category-la-comarca","11":"category-sin-categorizar","12":"category-politica-la-comarca","13":"category-seccion","14":"category-sucesos-la-comarca","15":"tag-conselleria-de-sanitat","16":"tag-coronavirus","17":"tag-covid-19","18":"tag-datos-de-contagios"},"_links":{"self":[{"href":"https:\/\/www.tucomarca.com\/wordpress\/segunda\/wp-json\/wp\/v2\/posts\/171398","targetHints":{"allow":["GET"]}}],"collection":[{"href":"https:\/\/www.tucomarca.com\/wordpress\/segunda\/wp-json\/wp\/v2\/posts"}],"about":[{"href":"https:\/\/www.tucomarca.com\/wordpress\/segunda\/wp-json\/wp\/v2\/types\/post"}],"author":[{"embeddable":true,"href":"https:\/\/www.tucomarca.com\/wordpress\/segunda\/wp-json\/wp\/v2\/users\/12"}],"replies":[{"embeddable":true,"href":"https:\/\/www.tucomarca.com\/wordpress\/segunda\/wp-json\/wp\/v2\/comments?post=171398"}],"version-history":[{"count":0,"href":"https:\/\/www.tucomarca.com\/wordpress\/segunda\/wp-json\/wp\/v2\/posts\/171398\/revisions"}],"wp:featuredmedia":[{"embeddable":true,"href":"https:\/\/www.tucomarca.com\/wordpress\/segunda\/wp-json\/wp\/v2\/media\/164696"}],"wp:attachment":[{"href":"https:\/\/www.tucomarca.com\/wordpress\/segunda\/wp-json\/wp\/v2\/media?parent=171398"}],"wp:term":[{"taxonomy":"category","embeddable":true,"href":"https:\/\/www.tucomarca.com\/wordpress\/segunda\/wp-json\/wp\/v2\/categories?post=171398"},{"taxonomy":"post_tag","embeddable":true,"href":"https:\/\/www.tucomarca.com\/wordpress\/segunda\/wp-json\/wp\/v2\/tags?post=171398"}],"curies":[{"name":"wp","href":"https:\/\/api.w.org\/{rel}","templated":true}]}}