{"id":17165,"date":"2013-08-13T16:00:18","date_gmt":"2013-08-13T13:00:18","guid":{"rendered":"http:\/\/www.tucomarca.com\/wordpress\/segunda\/?p=17165"},"modified":"2013-08-13T16:00:25","modified_gmt":"2013-08-13T13:00:25","slug":"ya-se-puede-descargar-la-aplicacion-gratuita-del-ayuntamiento-de-requena-pare-el-dispositivo-movil","status":"publish","type":"post","link":"https:\/\/www.tucomarca.com\/wordpress\/segunda\/ya-se-puede-descargar-la-aplicacion-gratuita-del-ayuntamiento-de-requena-pare-el-dispositivo-movil\/","title":{"rendered":"Ya se puede descargar la aplicaci\u00f3n gratuita del Ayuntamiento de Requena pare el dispositivo m\u00f3vil"},"content":{"rendered":"<p><figure id=\"attachment_17166\" aria-describedby=\"caption-attachment-17166\" style=\"width: 300px\" class=\"wp-caption alignleft\"><a href=\"https:\/\/www.tucomarca.com\/wordpress\/segunda\/?attachment_id=17166\" rel=\"attachment wp-att-17166\"><img loading=\"lazy\" decoding=\"async\" src=\"https:\/\/www.tucomarca.com\/wordpress\/segunda\/wp-content\/uploads\/2013\/08\/CARTEL-FINAL-APP-3-300x204.jpg\" alt=\"\" title=\"CARTEL FINAL APP 3\" width=\"300\" height=\"204\" class=\"size-medium wp-image-17166\" srcset=\"https:\/\/www.tucomarca.com\/wordpress\/segunda\/wp-content\/uploads\/2013\/08\/CARTEL-FINAL-APP-3-300x204.jpg 300w, https:\/\/www.tucomarca.com\/wordpress\/segunda\/wp-content\/uploads\/2013\/08\/CARTEL-FINAL-APP-3-1024x698.jpg 1024w, https:\/\/www.tucomarca.com\/wordpress\/segunda\/wp-content\/uploads\/2013\/08\/CARTEL-FINAL-APP-3.jpg 1786w\" sizes=\"auto, (max-width: 300px) 100vw, 300px\" \/><\/a><figcaption id=\"caption-attachment-17166\" class=\"wp-caption-text\">Cartel anunciador de la iniciativa. tc.c<\/figcaption><\/figure>Ya est\u00e1 disponible para su descarga la APP del M.I. Ayuntamiento de Requena (http:\/\/www.requena.es\/es\/content\/apprequena). Esta APP ha sido desarrollada para acercar a ciudadanos y turistas la actualidad, la agenda de eventos y diversas galerias de imagenes de nuestro municipio, de forma que se podr\u00e1 consultar todo lo relacionado con el municipio requenense de manera actualizada.<br \/>\nLa nueva aplicaci\u00f3n se podr\u00e1 descargar de forma gratuita desde las tiendas \u201cGoogle Market\u201d y \u201cApp Store\u201d y se podr\u00e1 instalar en sistemas operativos Android e IOS.<br \/>\nEn el caso del sistema operativo propio de Apple, la aplicaci\u00f3n todav\u00eda no es descargable por problemas del soporte t\u00e9cnico. Se prev\u00e9 que la descarga sea habilitada en breve.<br \/>\nEsta plataforma permitir\u00e1 consultar de forma inmediata la agenda de eventos de la Feria y Fiestas, de forma que tanto los requenenses como los turistas que nos visitan en estas fechas puedan tener a mano la programaci\u00f3n de las mismas el 21 de Agosto al 1 de Septiembre (musicales, teatros, presentaciones, pasacalles, eventos taurinos, pregones, exposiciones, noche de la zurra, rally humor\u00edstico, mercado medieval y ofrenda de flores y frutos a nuestra patrona \u201cLa Virgen de los Dolores\u201d, etc.)<\/p>\n","protected":false},"excerpt":{"rendered":"<div class=\"mh-excerpt\">Ya est\u00e1 disponible para su descarga la APP del M.I. Ayuntamiento de Requena (http:\/\/www.requena.es\/es\/content\/apprequena). Esta APP ha sido desarrollada para acercar a ciudadanos y turistas la actualidad, la agenda de eventos y diversas galerias de <a class=\"mh-excerpt-more\" href=\"https:\/\/www.tucomarca.com\/wordpress\/segunda\/ya-se-puede-descargar-la-aplicacion-gratuita-del-ayuntamiento-de-requena-pare-el-dispositivo-movil\/\" title=\"Ya se puede descargar la aplicaci\u00f3n gratuita del Ayuntamiento de Requena pare el dispositivo m\u00f3vil\">[+] <\/a><\/div>\n","protected":false},"author":2,"featured_media":17166,"comment_status":"open","ping_status":"open","sticky":false,"template":"","format":"standard","meta":{"footnotes":""},"categories":[8,28,27,3],"tags":[1608,1609,1258,10388],"class_list":{"0":"post-17165","1":"post","2":"type-post","3":"status-publish","4":"format-standard","5":"has-post-thumbnail","7":"category-la-comarca","8":"category-requena","9":"category-requena-utiel","10":"category-seccion","11":"tag-descarga","12":"tag-gratuita","13":"tag-movil","14":"tag-requena"},"_links":{"self":[{"href":"https:\/\/www.tucomarca.com\/wordpress\/segunda\/wp-json\/wp\/v2\/posts\/17165","targetHints":{"allow":["GET"]}}],"collection":[{"href":"https:\/\/www.tucomarca.com\/wordpress\/segunda\/wp-json\/wp\/v2\/posts"}],"about":[{"href":"https:\/\/www.tucomarca.com\/wordpress\/segunda\/wp-json\/wp\/v2\/types\/post"}],"author":[{"embeddable":true,"href":"https:\/\/www.tucomarca.com\/wordpress\/segunda\/wp-json\/wp\/v2\/users\/2"}],"replies":[{"embeddable":true,"href":"https:\/\/www.tucomarca.com\/wordpress\/segunda\/wp-json\/wp\/v2\/comments?post=17165"}],"version-history":[{"count":0,"href":"https:\/\/www.tucomarca.com\/wordpress\/segunda\/wp-json\/wp\/v2\/posts\/17165\/revisions"}],"wp:featuredmedia":[{"embeddable":true,"href":"https:\/\/www.tucomarca.com\/wordpress\/segunda\/wp-json\/wp\/v2\/media\/17166"}],"wp:attachment":[{"href":"https:\/\/www.tucomarca.com\/wordpress\/segunda\/wp-json\/wp\/v2\/media?parent=17165"}],"wp:term":[{"taxonomy":"category","embeddable":true,"href":"https:\/\/www.tucomarca.com\/wordpress\/segunda\/wp-json\/wp\/v2\/categories?post=17165"},{"taxonomy":"post_tag","embeddable":true,"href":"https:\/\/www.tucomarca.com\/wordpress\/segunda\/wp-json\/wp\/v2\/tags?post=17165"}],"curies":[{"name":"wp","href":"https:\/\/api.w.org\/{rel}","templated":true}]}}