{"id":171767,"date":"2022-11-10T13:00:00","date_gmt":"2022-11-10T11:00:00","guid":{"rendered":"https:\/\/www.tucomarca.com\/wordpress\/segunda\/?p=171767"},"modified":"2022-11-10T22:42:18","modified_gmt":"2022-11-10T20:42:18","slug":"el-ayuntamiento-de-turis-organiza-una-charla-para-informar-sobre-las-comunidades-energeticas-locales","status":"publish","type":"post","link":"https:\/\/www.tucomarca.com\/wordpress\/segunda\/el-ayuntamiento-de-turis-organiza-una-charla-para-informar-sobre-las-comunidades-energeticas-locales\/","title":{"rendered":"El Ayuntamiento de Tur\u00eds organiza una charla para informar sobre las Comunidades Energ\u00e9ticas Locales"},"content":{"rendered":"\n<p>El sal\u00f3n de plenos del consistorio ha acogido una concurrida charla abierta a todo el vecindario, donde tambi\u00e9n han estado presentes representantes de entidades, asociaciones y comunidades de regantes ante el inter\u00e9s por estos organismos.<\/p>\n\n\n\n<p>La cita se ha podido celebrar gracias a las gestiones realizadas ante la Conselleria de Territorio y ha marcado las pautas y las condiciones para crear estas comunidades, la finalidad de las cuales es el ahorro de energ\u00eda y el aprovechamiento de recursos.<\/p>\n","protected":false},"excerpt":{"rendered":"<div class=\"mh-excerpt\">El sal\u00f3n de plenos del consistorio ha acogido una concurrida charla abierta a todo el vecindario, donde tambi\u00e9n han estado presentes representantes de entidades, asociaciones y comunidades de regantes ante el inter\u00e9s por estos organismos. <a class=\"mh-excerpt-more\" href=\"https:\/\/www.tucomarca.com\/wordpress\/segunda\/el-ayuntamiento-de-turis-organiza-una-charla-para-informar-sobre-las-comunidades-energeticas-locales\/\" title=\"El Ayuntamiento de Tur\u00eds organiza una charla para informar sobre las Comunidades Energ\u00e9ticas Locales\">[+] <\/a><\/div>\n","protected":false},"author":12,"featured_media":171769,"comment_status":"open","ping_status":"open","sticky":false,"template":"","format":"standard","meta":{"footnotes":""},"categories":[128,8,42,117,142,3,43],"tags":[18248,1407,10394],"class_list":{"0":"post-171767","1":"post","2":"type-post","3":"status-publish","4":"format-standard","5":"has-post-thumbnail","7":"category-infraestructuras","8":"category-la-comarca","9":"category-la-ribera","10":"category-medio-ambiente-la-comarca","11":"category-politica-la-comarca","12":"category-seccion","13":"category-turis","14":"tag-comunidades-energeticas-locales","15":"tag-ribera-alta","16":"tag-turis"},"_links":{"self":[{"href":"https:\/\/www.tucomarca.com\/wordpress\/segunda\/wp-json\/wp\/v2\/posts\/171767","targetHints":{"allow":["GET"]}}],"collection":[{"href":"https:\/\/www.tucomarca.com\/wordpress\/segunda\/wp-json\/wp\/v2\/posts"}],"about":[{"href":"https:\/\/www.tucomarca.com\/wordpress\/segunda\/wp-json\/wp\/v2\/types\/post"}],"author":[{"embeddable":true,"href":"https:\/\/www.tucomarca.com\/wordpress\/segunda\/wp-json\/wp\/v2\/users\/12"}],"replies":[{"embeddable":true,"href":"https:\/\/www.tucomarca.com\/wordpress\/segunda\/wp-json\/wp\/v2\/comments?post=171767"}],"version-history":[{"count":0,"href":"https:\/\/www.tucomarca.com\/wordpress\/segunda\/wp-json\/wp\/v2\/posts\/171767\/revisions"}],"wp:featuredmedia":[{"embeddable":true,"href":"https:\/\/www.tucomarca.com\/wordpress\/segunda\/wp-json\/wp\/v2\/media\/171769"}],"wp:attachment":[{"href":"https:\/\/www.tucomarca.com\/wordpress\/segunda\/wp-json\/wp\/v2\/media?parent=171767"}],"wp:term":[{"taxonomy":"category","embeddable":true,"href":"https:\/\/www.tucomarca.com\/wordpress\/segunda\/wp-json\/wp\/v2\/categories?post=171767"},{"taxonomy":"post_tag","embeddable":true,"href":"https:\/\/www.tucomarca.com\/wordpress\/segunda\/wp-json\/wp\/v2\/tags?post=171767"}],"curies":[{"name":"wp","href":"https:\/\/api.w.org\/{rel}","templated":true}]}}