{"id":1719,"date":"2012-05-15T18:16:45","date_gmt":"2012-05-15T17:16:45","guid":{"rendered":"http:\/\/www.tucomarca.com\/wordpress\/segunda\/?p=1719"},"modified":"2012-05-15T18:32:42","modified_gmt":"2012-05-15T17:32:42","slug":"el-pleno-de-la-diputacion-aprueba-reorganizar-el-psiquiatrico-de-betera-para-optimizar-recursos","status":"publish","type":"post","link":"https:\/\/www.tucomarca.com\/wordpress\/segunda\/el-pleno-de-la-diputacion-aprueba-reorganizar-el-psiquiatrico-de-betera-para-optimizar-recursos\/","title":{"rendered":"El pleno de la Diputaci\u00f3n aprueba reorganizar el psiqui\u00e1trico de B\u00e9tera para optimizar recursos"},"content":{"rendered":"<figure id=\"attachment_1727\" aria-describedby=\"caption-attachment-1727\" style=\"width: 300px\" class=\"wp-caption alignleft\"><a href=\"https:\/\/www.tucomarca.com\/wordpress\/segunda\/wp-content\/uploads\/2012\/05\/plenodipu.jpg\"><img loading=\"lazy\" decoding=\"async\" class=\"size-medium wp-image-1727\" title=\"plenodipu\" src=\"https:\/\/www.tucomarca.com\/wordpress\/segunda\/wp-content\/uploads\/2012\/05\/plenodipu-300x194.jpg\" alt=\"\u00daltimo pleno de la Diputaci\u00f3n Provincial de Valencia.\" width=\"300\" height=\"194\" srcset=\"https:\/\/www.tucomarca.com\/wordpress\/segunda\/wp-content\/uploads\/2012\/05\/plenodipu-300x194.jpg 300w, https:\/\/www.tucomarca.com\/wordpress\/segunda\/wp-content\/uploads\/2012\/05\/plenodipu-1024x665.jpg 1024w\" sizes=\"auto, (max-width: 300px) 100vw, 300px\" \/><\/a><figcaption id=\"caption-attachment-1727\" class=\"wp-caption-text\">\u00daltimo pleno de la Diputaci\u00f3n Provincial de Valencia.<\/figcaption><\/figure>\n<p>El pleno de la Diputaci\u00f3n de  Valencia ha aprobado esta ma\u00f1ana con los votos a favor del grupo popular  y los votos en contra de PSOE, Coalici\u00f3-Comprom\u00eds y Esquerra Unida   modificaciones del Cat\u00e1logo de Puestos de Trabajo de la Diputaci\u00f3n de  Valencia en el sector sanitario.<\/p>\n<p><a name=\"inicio\">\u00abEsta reforma supone una       reorganizaci\u00f3n de ocupaciones en  el Hospital  Psiqui\u00e1trico de B\u00e9tera,       dado que se han suprimido algunos  servicios  como el de la  limpieza,    el   mantenimiento, la centralita  telef\u00f3nica y el   servicio de    lavander\u00eda y   de costura\u00bb, ha explicado la  diputada de   Personal y    Formaci\u00f3n,   Remedios Avia, al tiempo que ha  informado  que esas  plazas    \u00abya estaban   vacantes desde hace tiempo\u00bb, por  eso,  \u00abhay que     amortizar puestos de   trabajo y reorganizar al personal\u00bb,  seg\u00fan ha    dicho.<\/a>.<\/p>\n<p>\u00abTenemos que tener un cat\u00e1logo adecuado a los  tiempos en los que  estamos sin despedir a ning\u00fan empleado de la  corporaci\u00f3n provincial\u00bb, ha  finalizado la diputada.<\/p>\n<p>Por su  parte, el presidente de la Diputaci\u00f3n de Valencia, Alfonso   Rus, ha  hecho hincapi\u00e9 en que el centro de salud \u00abno se va a  desmantelar  en  ning\u00fan momento\u00bb. \u00abLa corporaci\u00f3n provincial ha  destinado este a\u00f1o la   misma partida que en 2011 para su  funcionamiento\u00bb, ha informado el   responsable provincial, al tiempo que  ha recalcado que \u00abno se va a   prescindir de ning\u00fan trabajador\u00bb, puesto  que se va a poner en marcha \u00abun   plan de empleo para optimizar  recursos y reorganizar a los   trabajadores\u00bb.<\/p>\n<p><a name=\"inicio\">\u00abComo responsables de la  corporaci\u00f3n provincial  tenemos el deber y   la obligaci\u00f3n de invertir  el dinero p\u00fablico con  sentido com\u00fan y con   rigor\u00bb, ha puntualizado  Alfonso Rus.<\/a><\/p>\n<p><a name=\"inicio\"> <\/a><\/p>\n<p><a name=\"inicio\">Votos en contra <\/a><\/p>\n<p><a name=\"inicio\">En  este sentido, el portavoz del grupo socialista, Antoni Gaspar, ha     celebrado que el presidente Rus manifestara en el pleno su decisi\u00f3n   de   no \u00ababandonar\u00bb el psiqui\u00e1trico y ha declarado que cuando llegue el     momento de traspasar la competencia del centro \u00abser\u00e1 una ruina\u00bb.<\/a><\/p>\n<p><a name=\"inicio\">Por   su parte, el portavoz de   Coalici\u00f3-Comprom\u00eds, Emili Altur, as\u00ed  como  la  portavoz de EUPV, Rosa   P\u00e9rez, han mostrado su desacuerdo con  este   proyecto y han votado en   contra ya que, seg\u00fan palabras de P\u00e9rez,    \u00abalgunas plazas que se van a   amortizar s\u00ed que son necesarias\u00bb.  Por su  parte, Altur ha expresado  que  el Psiqui\u00e1trico de B\u00e9tera \u00abno tiene un  plan de futuro\u00bb.<\/a><\/p>\n<p>&nbsp;<\/p>\n<p>&nbsp;<\/p>\n<p>&nbsp;<\/p>\n","protected":false},"excerpt":{"rendered":"<div class=\"mh-excerpt\">El pleno de la Diputaci\u00f3n de Valencia ha aprobado esta ma\u00f1ana con los votos a favor del grupo popular y los votos en contra de PSOE, Coalici\u00f3-Comprom\u00eds y Esquerra Unida modificaciones del Cat\u00e1logo de Puestos <a class=\"mh-excerpt-more\" href=\"https:\/\/www.tucomarca.com\/wordpress\/segunda\/el-pleno-de-la-diputacion-aprueba-reorganizar-el-psiquiatrico-de-betera-para-optimizar-recursos\/\" title=\"El pleno de la Diputaci\u00f3n aprueba reorganizar el psiqui\u00e1trico de B\u00e9tera para optimizar recursos\">[+] <\/a><\/div>\n","protected":false},"author":1,"featured_media":1727,"comment_status":"open","ping_status":"open","sticky":false,"template":"","format":"standard","meta":{"footnotes":""},"categories":[51,46,119,8,3],"tags":[],"class_list":{"0":"post-1719","1":"post","2":"type-post","3":"status-publish","4":"format-standard","5":"has-post-thumbnail","7":"category-betera","8":"category-camp-de-turia","9":"category-sanidad-la-comarca","10":"category-la-comarca","11":"category-seccion"},"_links":{"self":[{"href":"https:\/\/www.tucomarca.com\/wordpress\/segunda\/wp-json\/wp\/v2\/posts\/1719","targetHints":{"allow":["GET"]}}],"collection":[{"href":"https:\/\/www.tucomarca.com\/wordpress\/segunda\/wp-json\/wp\/v2\/posts"}],"about":[{"href":"https:\/\/www.tucomarca.com\/wordpress\/segunda\/wp-json\/wp\/v2\/types\/post"}],"author":[{"embeddable":true,"href":"https:\/\/www.tucomarca.com\/wordpress\/segunda\/wp-json\/wp\/v2\/users\/1"}],"replies":[{"embeddable":true,"href":"https:\/\/www.tucomarca.com\/wordpress\/segunda\/wp-json\/wp\/v2\/comments?post=1719"}],"version-history":[{"count":0,"href":"https:\/\/www.tucomarca.com\/wordpress\/segunda\/wp-json\/wp\/v2\/posts\/1719\/revisions"}],"wp:featuredmedia":[{"embeddable":true,"href":"https:\/\/www.tucomarca.com\/wordpress\/segunda\/wp-json\/wp\/v2\/media\/1727"}],"wp:attachment":[{"href":"https:\/\/www.tucomarca.com\/wordpress\/segunda\/wp-json\/wp\/v2\/media?parent=1719"}],"wp:term":[{"taxonomy":"category","embeddable":true,"href":"https:\/\/www.tucomarca.com\/wordpress\/segunda\/wp-json\/wp\/v2\/categories?post=1719"},{"taxonomy":"post_tag","embeddable":true,"href":"https:\/\/www.tucomarca.com\/wordpress\/segunda\/wp-json\/wp\/v2\/tags?post=1719"}],"curies":[{"name":"wp","href":"https:\/\/api.w.org\/{rel}","templated":true}]}}