{"id":17213,"date":"2013-08-14T20:22:45","date_gmt":"2013-08-14T17:22:45","guid":{"rendered":"http:\/\/www.tucomarca.com\/wordpress\/segunda\/?p=17213"},"modified":"2013-08-14T20:25:03","modified_gmt":"2013-08-14T17:25:03","slug":"chiva-celebra-la-fiesta-en-honor-a-la-virgen-de-la-asuncion-y-san-roque","status":"publish","type":"post","link":"https:\/\/www.tucomarca.com\/wordpress\/segunda\/chiva-celebra-la-fiesta-en-honor-a-la-virgen-de-la-asuncion-y-san-roque\/","title":{"rendered":"Chiva celebra la fiesta en honor a la Virgen de la Asunci\u00f3n y San Roque"},"content":{"rendered":"<figure id=\"attachment_17214\" aria-describedby=\"caption-attachment-17214\" style=\"width: 300px\" class=\"wp-caption alignleft\"><a rel=\"attachment wp-att-17214\" href=\"https:\/\/www.tucomarca.com\/wordpress\/segunda\/?attachment_id=17214\"><img loading=\"lazy\" decoding=\"async\" class=\"size-medium wp-image-17214\" title=\"Clavarios 2012\" src=\"https:\/\/www.tucomarca.com\/wordpress\/segunda\/wp-content\/uploads\/2013\/08\/Clavarios-2012-300x224.jpg\" alt=\"\" width=\"300\" height=\"224\" srcset=\"https:\/\/www.tucomarca.com\/wordpress\/segunda\/wp-content\/uploads\/2013\/08\/Clavarios-2012-300x224.jpg 300w, https:\/\/www.tucomarca.com\/wordpress\/segunda\/wp-content\/uploads\/2013\/08\/Clavarios-2012.jpg 960w\" sizes=\"auto, (max-width: 300px) 100vw, 300px\" \/><\/a><figcaption id=\"caption-attachment-17214\" class=\"wp-caption-text\">Clavarios de la edici\u00f3n festiva de 2012. tc.c<\/figcaption><\/figure>\n<p>Este jueves, 15 de Agosto, Chiva celebra uno de los d\u00edas festivos m\u00e1s importantes del verano; el dedicado a la Virgen de la Asunci\u00f3n.<\/p>\n<p>&nbsp;<\/p>\n<p>Para conmemorar esta jornada se han programado diferentes actos que comenzar\u00e1n a las 10h con la recogida de las Clavarias de la Virgen de la Asunci\u00f3n acompa\u00f1adas por la Sociedad Musical La Art\u00edstica de Chiva, para acudir a la Solemne Misa que tendr\u00e1 lugar a las 11h en honor a la Virgen de la Asunci\u00f3n.<\/p>\n<p>Posteriormente, a las 12,30h, los chivanos celebraremos la tradicional Fiesta de la Flor. Al mediod\u00eda, concretamente a las 14,30h, disfrutaremos con la masclet\u00e1 a cargo de la Pirotecnia Tur\u00eds y que ser\u00e1 patrocinada por las Clavarias.<\/p>\n<p>La jornada culminar\u00e1 a las 20h con la procesi\u00f3n de la Sant\u00edsima Virgen de la Asunci\u00f3n y de San Roque.<\/p>\n<p>El viernes 16 de agosto continuar\u00e1n las celebraciones pero, en esta ocasi\u00f3n, en honor a San Roque.  A las 24,00h, tendr\u00e1 lugar la tradicional Noche de Albaes, donde Marcial Cervera \u201cPierres\u201d a la dulzaina y Cristian Cervera \u201cPierres\u201d al tamboril nos deleitar\u00e1n un a\u00f1o m\u00e1s junto a las cantaoras en la Plaza de la Iglesia. Tras finalizar las albaes, se proceder\u00e1 a la entrada de toros que se correr\u00e1n con la cuerda. Una vez recogido a los clavarios, celebraremos la Misa Solemne en honor a San Roque a las 11h y posteriormente podremos participar en el tradicional Reparto del Rollo.<\/p>\n<p>Ya por la tarde, a las 20h, la solidaridad ser\u00e1 la protagonista con la Fiesta de la Borla, cuya recaudaci\u00f3n ir\u00e1 destinada a C\u00e1ritas.<\/p>\n<p>Estas celebraciones son el pistoletazo de salida de las fiestas del Torico de la Cuerda que comienzan el s\u00e1bado 17 de agosto con las tradicionales Carreras del Torico.<\/p>\n","protected":false},"excerpt":{"rendered":"<div class=\"mh-excerpt\">Este jueves, 15 de Agosto, Chiva celebra uno de los d\u00edas festivos m\u00e1s importantes del verano; el dedicado a la Virgen de la Asunci\u00f3n. &nbsp; Para conmemorar esta jornada se han programado diferentes actos que <a class=\"mh-excerpt-more\" href=\"https:\/\/www.tucomarca.com\/wordpress\/segunda\/chiva-celebra-la-fiesta-en-honor-a-la-virgen-de-la-asuncion-y-san-roque\/\" title=\"Chiva celebra la fiesta en honor a la Virgen de la Asunci\u00f3n y San Roque\">[+] <\/a><\/div>\n","protected":false},"author":2,"featured_media":17214,"comment_status":"open","ping_status":"open","sticky":false,"template":"","format":"standard","meta":{"footnotes":""},"categories":[4,16,10,7,383,3,45],"tags":[1629,10384,355],"class_list":{"0":"post-17213","1":"post","2":"type-post","3":"status-publish","4":"format-standard","5":"has-post-thumbnail","7":"category-agenda","8":"category-chiva","9":"category-la-hoya","10":"category-ocio-y-cultura","11":"category-pueblos-en-fiestas","12":"category-seccion","13":"category-ventana","14":"tag-asuncion-y-san-roque","15":"tag-chiva","16":"tag-fiestas"},"_links":{"self":[{"href":"https:\/\/www.tucomarca.com\/wordpress\/segunda\/wp-json\/wp\/v2\/posts\/17213","targetHints":{"allow":["GET"]}}],"collection":[{"href":"https:\/\/www.tucomarca.com\/wordpress\/segunda\/wp-json\/wp\/v2\/posts"}],"about":[{"href":"https:\/\/www.tucomarca.com\/wordpress\/segunda\/wp-json\/wp\/v2\/types\/post"}],"author":[{"embeddable":true,"href":"https:\/\/www.tucomarca.com\/wordpress\/segunda\/wp-json\/wp\/v2\/users\/2"}],"replies":[{"embeddable":true,"href":"https:\/\/www.tucomarca.com\/wordpress\/segunda\/wp-json\/wp\/v2\/comments?post=17213"}],"version-history":[{"count":0,"href":"https:\/\/www.tucomarca.com\/wordpress\/segunda\/wp-json\/wp\/v2\/posts\/17213\/revisions"}],"wp:featuredmedia":[{"embeddable":true,"href":"https:\/\/www.tucomarca.com\/wordpress\/segunda\/wp-json\/wp\/v2\/media\/17214"}],"wp:attachment":[{"href":"https:\/\/www.tucomarca.com\/wordpress\/segunda\/wp-json\/wp\/v2\/media?parent=17213"}],"wp:term":[{"taxonomy":"category","embeddable":true,"href":"https:\/\/www.tucomarca.com\/wordpress\/segunda\/wp-json\/wp\/v2\/categories?post=17213"},{"taxonomy":"post_tag","embeddable":true,"href":"https:\/\/www.tucomarca.com\/wordpress\/segunda\/wp-json\/wp\/v2\/tags?post=17213"}],"curies":[{"name":"wp","href":"https:\/\/api.w.org\/{rel}","templated":true}]}}