{"id":172219,"date":"2022-11-15T07:00:00","date_gmt":"2022-11-15T05:00:00","guid":{"rendered":"https:\/\/www.tucomarca.com\/wordpress\/segunda\/?p=172219"},"modified":"2022-11-15T20:21:51","modified_gmt":"2022-11-15T18:21:51","slug":"charla-sobre-mayores-subvenciones-para-contratar-el-seguro-de-uva-de-vino","status":"publish","type":"post","link":"https:\/\/www.tucomarca.com\/wordpress\/segunda\/charla-sobre-mayores-subvenciones-para-contratar-el-seguro-de-uva-de-vino\/","title":{"rendered":"Charla sobre mayores subvenciones para contratar el seguro de uva de vino"},"content":{"rendered":"\n<p>El sal\u00f3n de actos de la cooperativa de segundo grado Covi\u00f1as, de Requena acogi\u00f3 una charla sobre el seguro de uva de vino de 2023. M\u00f3nica Sanz, representante de seguros agrarios de Engrup (los seguros de las cooperativas) , dio a conocer las novedades del seguro de uva para vino para 2023. Una de ellas es, el incremento, por parte de la Entidad Estatal de Seguros Agrarios -ENESA-&nbsp; de 10 puntos porcentuales en la subvenci\u00f3n base para hacer frente a la prima del seguro. Otra, es un incremento del precio de la uva ecol\u00f3gica asegurada del 8% , que supondr\u00e1 que los viticultores dedicados a este cultivo cobrar\u00e1n m\u00e1s indemnizaci\u00f3n por los siniestros, que por los que afecten al cultivo tradicional.&nbsp;<\/p>\n\n\n\n<p>Por su parte, Manuel Gonz\u00e1lez, director de la Agrupaci\u00f3n de Entidades Aseguradoras de los Seguros Agrarios (Agroseguro), de la zona de Levante, en su intervenci\u00f3n, destac\u00f3 que los fen\u00f3menos atmosf\u00e9ricos (heladas, pedriscos y sequ\u00eda), \u00abcada vez vienen con mayor intensidad debido a la evoluci\u00f3n clim\u00e1tica \u00ab. Y dijo que \u00aben los \u00faltimos 10 a\u00f1os el ratio de siniestralidad ha crecido en torno a 10 puntos\u00bb.<\/p>\n\n\n\n<p>Sobre las indemnizaciones abonadas a los viticultores por siniestros en sus propiedades, Gonz\u00e1lez concret\u00f3 que este a\u00f1o ascienden a 7,1 millones de euros, en la Comunidad Valenciana. Informa,<strong> Luis Ib\u00e1\u00f1ez.<\/strong><\/p>\n","protected":false},"excerpt":{"rendered":"<div class=\"mh-excerpt\">El sal\u00f3n de actos de la cooperativa de segundo grado Covi\u00f1as, de Requena acogi\u00f3 una charla sobre el seguro de uva de vino de 2023. M\u00f3nica Sanz, representante de seguros agrarios de Engrup (los seguros <a class=\"mh-excerpt-more\" href=\"https:\/\/www.tucomarca.com\/wordpress\/segunda\/charla-sobre-mayores-subvenciones-para-contratar-el-seguro-de-uva-de-vino\/\" title=\"Charla sobre mayores subvenciones para contratar el seguro de uva de vino\">[+] <\/a><\/div>\n","protected":false},"author":12,"featured_media":172223,"comment_status":"open","ping_status":"open","sticky":false,"template":"","format":"standard","meta":{"footnotes":""},"categories":[169,128,8,28,27,3],"tags":[10388,10387,2442],"class_list":{"0":"post-172219","1":"post","2":"type-post","3":"status-publish","4":"format-standard","5":"has-post-thumbnail","7":"category-agricultura-la-comarca","8":"category-infraestructuras","9":"category-la-comarca","10":"category-requena","11":"category-requena-utiel","12":"category-seccion","13":"tag-requena","14":"tag-requena-utiel","15":"tag-seguro-agrario"},"_links":{"self":[{"href":"https:\/\/www.tucomarca.com\/wordpress\/segunda\/wp-json\/wp\/v2\/posts\/172219","targetHints":{"allow":["GET"]}}],"collection":[{"href":"https:\/\/www.tucomarca.com\/wordpress\/segunda\/wp-json\/wp\/v2\/posts"}],"about":[{"href":"https:\/\/www.tucomarca.com\/wordpress\/segunda\/wp-json\/wp\/v2\/types\/post"}],"author":[{"embeddable":true,"href":"https:\/\/www.tucomarca.com\/wordpress\/segunda\/wp-json\/wp\/v2\/users\/12"}],"replies":[{"embeddable":true,"href":"https:\/\/www.tucomarca.com\/wordpress\/segunda\/wp-json\/wp\/v2\/comments?post=172219"}],"version-history":[{"count":0,"href":"https:\/\/www.tucomarca.com\/wordpress\/segunda\/wp-json\/wp\/v2\/posts\/172219\/revisions"}],"wp:featuredmedia":[{"embeddable":true,"href":"https:\/\/www.tucomarca.com\/wordpress\/segunda\/wp-json\/wp\/v2\/media\/172223"}],"wp:attachment":[{"href":"https:\/\/www.tucomarca.com\/wordpress\/segunda\/wp-json\/wp\/v2\/media?parent=172219"}],"wp:term":[{"taxonomy":"category","embeddable":true,"href":"https:\/\/www.tucomarca.com\/wordpress\/segunda\/wp-json\/wp\/v2\/categories?post=172219"},{"taxonomy":"post_tag","embeddable":true,"href":"https:\/\/www.tucomarca.com\/wordpress\/segunda\/wp-json\/wp\/v2\/tags?post=172219"}],"curies":[{"name":"wp","href":"https:\/\/api.w.org\/{rel}","templated":true}]}}