{"id":172314,"date":"2022-11-15T17:00:00","date_gmt":"2022-11-15T15:00:00","guid":{"rendered":"https:\/\/www.tucomarca.com\/wordpress\/segunda\/?p=172314"},"modified":"2022-11-15T21:48:54","modified_gmt":"2022-11-15T19:48:54","slug":"la-falla-las-ventas-de-bunol-firma-el-contrato-de-los-monumentos-para-las-proximas-fallas","status":"publish","type":"post","link":"https:\/\/www.tucomarca.com\/wordpress\/segunda\/la-falla-las-ventas-de-bunol-firma-el-contrato-de-los-monumentos-para-las-proximas-fallas\/","title":{"rendered":"La Falla Las Ventas de Bu\u00f1ol firma el contrato de los monumentos para las pr\u00f3ximas Fallas"},"content":{"rendered":"\n<figure class=\"wp-block-gallery has-nested-images columns-default is-cropped wp-block-gallery-1 is-layout-flex wp-block-gallery-is-layout-flex\">\n<figure class=\"wp-block-image size-large\"><img loading=\"lazy\" decoding=\"async\" width=\"886\" height=\"882\" data-id=\"172332\" src=\"https:\/\/www.tucomarca.com\/wordpress\/segunda\/wp-content\/uploads\/2022\/11\/FallaVentas23firma_2.jpg\" alt=\"\" class=\"wp-image-172332\" srcset=\"https:\/\/www.tucomarca.com\/wordpress\/segunda\/wp-content\/uploads\/2022\/11\/FallaVentas23firma_2.jpg 886w, https:\/\/www.tucomarca.com\/wordpress\/segunda\/wp-content\/uploads\/2022\/11\/FallaVentas23firma_2-300x300.jpg 300w, https:\/\/www.tucomarca.com\/wordpress\/segunda\/wp-content\/uploads\/2022\/11\/FallaVentas23firma_2-290x290.jpg 290w, https:\/\/www.tucomarca.com\/wordpress\/segunda\/wp-content\/uploads\/2022\/11\/FallaVentas23firma_2-768x765.jpg 768w\" sizes=\"auto, (max-width: 886px) 100vw, 886px\" \/><\/figure>\n\n\n\n<figure class=\"wp-block-image size-large\"><img loading=\"lazy\" decoding=\"async\" width=\"886\" height=\"875\" data-id=\"172330\" src=\"https:\/\/www.tucomarca.com\/wordpress\/segunda\/wp-content\/uploads\/2022\/11\/FallaVentas23firma_1.jpg\" alt=\"\" class=\"wp-image-172330\" srcset=\"https:\/\/www.tucomarca.com\/wordpress\/segunda\/wp-content\/uploads\/2022\/11\/FallaVentas23firma_1.jpg 886w, https:\/\/www.tucomarca.com\/wordpress\/segunda\/wp-content\/uploads\/2022\/11\/FallaVentas23firma_1-300x296.jpg 300w, https:\/\/www.tucomarca.com\/wordpress\/segunda\/wp-content\/uploads\/2022\/11\/FallaVentas23firma_1-768x758.jpg 768w\" sizes=\"auto, (max-width: 886px) 100vw, 886px\" \/><\/figure>\n\n\n\n<figure class=\"wp-block-image size-large\"><img loading=\"lazy\" decoding=\"async\" width=\"886\" height=\"858\" data-id=\"172328\" src=\"https:\/\/www.tucomarca.com\/wordpress\/segunda\/wp-content\/uploads\/2022\/11\/FallaVentas23firma_3.jpg\" alt=\"\" class=\"wp-image-172328\" srcset=\"https:\/\/www.tucomarca.com\/wordpress\/segunda\/wp-content\/uploads\/2022\/11\/FallaVentas23firma_3.jpg 886w, https:\/\/www.tucomarca.com\/wordpress\/segunda\/wp-content\/uploads\/2022\/11\/FallaVentas23firma_3-300x291.jpg 300w, https:\/\/www.tucomarca.com\/wordpress\/segunda\/wp-content\/uploads\/2022\/11\/FallaVentas23firma_3-768x744.jpg 768w\" sizes=\"auto, (max-width: 886px) 100vw, 886px\" \/><\/figure>\n<\/figure>\n\n\n\n<p>La Falla Las Ventas ha firmado el contrato de sus monumentos para las Fallas 2023, el acto fue el 12 de noviembre, y como cada a\u00f1o se visitaron los dos monumentos en el taller del artista fallero bu\u00f1olense, Toni L\u00f3pez.<\/p>\n\n\n\n<p>Para estas pr\u00f3ximas fallas hay una novedad y es que Toni L\u00f3pez solo va a realizar la falla grande, que tiene como lema \u201cNaturaleza muerta\u201d, mientras que la falla infantil, con el lema \u201cNacimientos\u201d estar\u00e1 realizada por Palacio i Serra.<\/p>\n\n\n\n<p>Tambi\u00e9n se proclam\u00f3 a las m\u00e1ximas representantes de la comisi\u00f3n para este ejercicio, la Fallera Mayor Infantil 2023, Tatiana Garrigues Calomarde, el Presidente Infantil, Daniel Galarza Ram\u00edrez y la Fallera Mayor 2023, Gisela Mart\u00ednez Espert.<\/p>\n\n\n\n<p>Al finalizar el acto y tras el tradicional brindis, el presidente, Sergio Galarza Asensio, hizo entrega de unos obsequios a las Falleras Mayores y Presidentes entrantes y salientes.<\/p>\n","protected":false},"excerpt":{"rendered":"<div class=\"mh-excerpt\">La Falla Las Ventas ha firmado el contrato de sus monumentos para las Fallas 2023, el acto fue el 12 de noviembre, y como cada a\u00f1o se visitaron los dos monumentos en el taller del <a class=\"mh-excerpt-more\" href=\"https:\/\/www.tucomarca.com\/wordpress\/segunda\/la-falla-las-ventas-de-bunol-firma-el-contrato-de-los-monumentos-para-las-proximas-fallas\/\" title=\"La Falla Las Ventas de Bu\u00f1ol firma el contrato de los monumentos para las pr\u00f3ximas Fallas\">[+] <\/a><\/div>\n","protected":false},"author":12,"featured_media":172335,"comment_status":"open","ping_status":"open","sticky":false,"template":"","format":"gallery","meta":{"footnotes":""},"categories":[18,8,10,7,3],"tags":[10385,10861,5952],"class_list":{"0":"post-172314","1":"post","2":"type-post","3":"status-publish","4":"format-gallery","5":"has-post-thumbnail","7":"category-bunol","8":"category-la-comarca","9":"category-la-hoya","10":"category-ocio-y-cultura","11":"category-seccion","12":"tag-bunol","13":"tag-falla-las-ventas-de-bunol","14":"tag-la-hoya-de-bunol-chiva","15":"post_format-post-format-gallery"},"_links":{"self":[{"href":"https:\/\/www.tucomarca.com\/wordpress\/segunda\/wp-json\/wp\/v2\/posts\/172314","targetHints":{"allow":["GET"]}}],"collection":[{"href":"https:\/\/www.tucomarca.com\/wordpress\/segunda\/wp-json\/wp\/v2\/posts"}],"about":[{"href":"https:\/\/www.tucomarca.com\/wordpress\/segunda\/wp-json\/wp\/v2\/types\/post"}],"author":[{"embeddable":true,"href":"https:\/\/www.tucomarca.com\/wordpress\/segunda\/wp-json\/wp\/v2\/users\/12"}],"replies":[{"embeddable":true,"href":"https:\/\/www.tucomarca.com\/wordpress\/segunda\/wp-json\/wp\/v2\/comments?post=172314"}],"version-history":[{"count":0,"href":"https:\/\/www.tucomarca.com\/wordpress\/segunda\/wp-json\/wp\/v2\/posts\/172314\/revisions"}],"wp:featuredmedia":[{"embeddable":true,"href":"https:\/\/www.tucomarca.com\/wordpress\/segunda\/wp-json\/wp\/v2\/media\/172335"}],"wp:attachment":[{"href":"https:\/\/www.tucomarca.com\/wordpress\/segunda\/wp-json\/wp\/v2\/media?parent=172314"}],"wp:term":[{"taxonomy":"category","embeddable":true,"href":"https:\/\/www.tucomarca.com\/wordpress\/segunda\/wp-json\/wp\/v2\/categories?post=172314"},{"taxonomy":"post_tag","embeddable":true,"href":"https:\/\/www.tucomarca.com\/wordpress\/segunda\/wp-json\/wp\/v2\/tags?post=172314"}],"curies":[{"name":"wp","href":"https:\/\/api.w.org\/{rel}","templated":true}]}}