{"id":172902,"date":"2022-11-24T09:00:00","date_gmt":"2022-11-24T07:00:00","guid":{"rendered":"https:\/\/www.tucomarca.com\/wordpress\/segunda\/?p=172902"},"modified":"2022-11-24T11:58:14","modified_gmt":"2022-11-24T09:58:14","slug":"jose-manuel-descalzo-deja-de-ser-el-entrenador-del-cd-bunol","status":"publish","type":"post","link":"https:\/\/www.tucomarca.com\/wordpress\/segunda\/jose-manuel-descalzo-deja-de-ser-el-entrenador-del-cd-bunol\/","title":{"rendered":"Jos\u00e9 Manuel Descalzo deja de ser el entrenador del CD Bu\u00f1ol"},"content":{"rendered":"\n<p>\u00abJos\u00e9 Manuel Descalzo ha dejado de ser el entrenador del primer equipo del Club Deportivo Bu\u00f1ol\u00bb, tal como han informado fuentes del club blanco a trav\u00e9s de sus redes sociales en un escueto comunicado.<\/p>\n\n\n\n<p>Desde la directiva del CD Bu\u00f1ol han querido \u00abgradecer a Jos\u00e9 Manuel y a todo su cuerpo t\u00e9cnico la dedicaci\u00f3n, profesionalidad y todo el esfuerzo durante esta etapa, dese\u00e1ndole los mayores \u00e9xitos en sus pr\u00f3ximos proyectos\u00bb.<\/p>\n\n\n\n<p>El club tambi\u00e9n ha avanzado que \u00abFrancisco Javier Gomez \u201cChapi\u201d se hace cargo del primer equipo de forma interina\u00bb. El pr\u00f3ximo compromiso del CD Bu\u00f1ol ser\u00e1 este s\u00e1bado, 26 de noviembre a partir de las 17,30 horas frente al CM Sant Marcel\u00ed a domicilio.<\/p>\n","protected":false},"excerpt":{"rendered":"<div class=\"mh-excerpt\">\u00abJos\u00e9 Manuel Descalzo ha dejado de ser el entrenador del primer equipo del Club Deportivo Bu\u00f1ol\u00bb, tal como han informado fuentes del club blanco a trav\u00e9s de sus redes sociales en un escueto comunicado. Desde <a class=\"mh-excerpt-more\" href=\"https:\/\/www.tucomarca.com\/wordpress\/segunda\/jose-manuel-descalzo-deja-de-ser-el-entrenador-del-cd-bunol\/\" title=\"Jos\u00e9 Manuel Descalzo deja de ser el entrenador del CD Bu\u00f1ol\">[+] <\/a><\/div>\n","protected":false},"author":1,"featured_media":172910,"comment_status":"open","ping_status":"open","sticky":false,"template":"","format":"standard","meta":{"footnotes":""},"categories":[18,50,6,8,10,3,45],"tags":[10385,537,5952],"class_list":{"0":"post-172902","1":"post","2":"type-post","3":"status-publish","4":"format-standard","5":"has-post-thumbnail","7":"category-bunol","8":"category-futbol-deportes","9":"category-deportes","10":"category-la-comarca","11":"category-la-hoya","12":"category-seccion","13":"category-ventana","14":"tag-bunol","15":"tag-cd-bunol","16":"tag-la-hoya-de-bunol-chiva"},"_links":{"self":[{"href":"https:\/\/www.tucomarca.com\/wordpress\/segunda\/wp-json\/wp\/v2\/posts\/172902","targetHints":{"allow":["GET"]}}],"collection":[{"href":"https:\/\/www.tucomarca.com\/wordpress\/segunda\/wp-json\/wp\/v2\/posts"}],"about":[{"href":"https:\/\/www.tucomarca.com\/wordpress\/segunda\/wp-json\/wp\/v2\/types\/post"}],"author":[{"embeddable":true,"href":"https:\/\/www.tucomarca.com\/wordpress\/segunda\/wp-json\/wp\/v2\/users\/1"}],"replies":[{"embeddable":true,"href":"https:\/\/www.tucomarca.com\/wordpress\/segunda\/wp-json\/wp\/v2\/comments?post=172902"}],"version-history":[{"count":0,"href":"https:\/\/www.tucomarca.com\/wordpress\/segunda\/wp-json\/wp\/v2\/posts\/172902\/revisions"}],"wp:featuredmedia":[{"embeddable":true,"href":"https:\/\/www.tucomarca.com\/wordpress\/segunda\/wp-json\/wp\/v2\/media\/172910"}],"wp:attachment":[{"href":"https:\/\/www.tucomarca.com\/wordpress\/segunda\/wp-json\/wp\/v2\/media?parent=172902"}],"wp:term":[{"taxonomy":"category","embeddable":true,"href":"https:\/\/www.tucomarca.com\/wordpress\/segunda\/wp-json\/wp\/v2\/categories?post=172902"},{"taxonomy":"post_tag","embeddable":true,"href":"https:\/\/www.tucomarca.com\/wordpress\/segunda\/wp-json\/wp\/v2\/tags?post=172902"}],"curies":[{"name":"wp","href":"https:\/\/api.w.org\/{rel}","templated":true}]}}