{"id":173031,"date":"2022-11-25T12:10:00","date_gmt":"2022-11-25T10:10:00","guid":{"rendered":"https:\/\/www.tucomarca.com\/wordpress\/segunda\/?p=173031"},"modified":"2022-11-25T19:47:45","modified_gmt":"2022-11-25T17:47:45","slug":"la-diputacio-inicia-las-obras-para-mejorar-la-seguridad-en-la-carretera-de-alzira-a-corbera","status":"publish","type":"post","link":"https:\/\/www.tucomarca.com\/wordpress\/segunda\/la-diputacio-inicia-las-obras-para-mejorar-la-seguridad-en-la-carretera-de-alzira-a-corbera\/","title":{"rendered":"La Diputaci\u00f3 inicia las obras para mejorar la seguridad en la carretera de Alzira a Corbera"},"content":{"rendered":"\n<h4 class=\"wp-block-heading\">La actuaci\u00f3n incluye la construcci\u00f3n de una glorieta en la intersecci\u00f3n de la CV-510 y la CV-506, un tramo con m\u00e1s de 10.000 veh\u00edculos al d\u00eda, y otra en el cruce de la CV-506 y el Cam\u00ed Baix de Corbera&nbsp;<\/h4>\n\n\n\n<h4 class=\"wp-block-heading\">Con un presupuesto de 2,7 millones y un plazo de ejecuci\u00f3n de seis meses, la obra contempla las dos rotondas y el ensanchamiento de los carriles para mejorar la visibilidad y reducir la peligrosidad&nbsp;<\/h4>\n\n\n\n<p>La Diputaci\u00f3 de Val\u00e8ncia iniciar\u00e1 la pr\u00f3xima semana las obras para mejorar la seguridad en la carretera de Alzira a Corbera. La actuaci\u00f3n consiste en la construcci\u00f3n de dos glorietas que reducir\u00e1n la peligrosidad de los cruces entre la CV-510 y la CV-506 y entre esta \u00faltima v\u00eda y el Cam\u00ed Baix de Corbera. Con un presupuesto de licitaci\u00f3n de 2.740.000 euros y un plazo de ejecuci\u00f3n de seis meses, la obra se acomete tras un proceso de expropiaci\u00f3n que ha afectado a una superficie dem\u00e1s de 12.000 metros cuadrados.<\/p>\n\n\n\n<p>El proyecto del \u00e1rea provincial de Carreteras que dirige Rafa Garc\u00eda contempla una glorieta principal, en la intersecci\u00f3n de la CV-510 con la CV-506, que dispondr\u00e1 de un islote central de 40 metros de di\u00e1metro interior, con dos carriles de cuatro metros cada uno y arcenes interiores y exteriores de medio metro. \u201cEs una obra muy necesaria en un punto de elevada peligrosidad y escasa visibilidad por el que pasan m\u00e1s de 10.000 veh\u00edculos cada d\u00eda\u201d, se\u00f1ala el diputado de Carreteras.<\/p>\n\n\n\n<p>La actuaci\u00f3n se completar\u00e1 con una segunda rotonda de 18 metros de di\u00e1metro interior y un \u00fanico carril de 5,5 metros de anchura, y arcenes de medio metro en el cruce de la CV-506 con el Cam\u00ed Baix de Corbera. Adem\u00e1s, el tramo de esta carretera comprendido entre el punto kilom\u00e9trico 1,8 y el 2,6 se acondicionar\u00e1 con la implantaci\u00f3n de una secci\u00f3n transversal que contar\u00e1 con un carril de tres metros de ancho por sentido y arcenes de un metro. La obra incluye una red de drenaje que conduce el caudal que recoge la carretera hacia el barranco.<\/p>\n\n\n\n<p>Las dos nuevas rotondas proyectadas por la Diputaci\u00f3n permitir\u00e1n mejorar la seguridad en estas carreteras que conectan varios municipios de La Ribera y que acumulan un tr\u00e1fico diario de cerca de 11.000 veh\u00edculos.<\/p>\n","protected":false},"excerpt":{"rendered":"<div class=\"mh-excerpt\">La actuaci\u00f3n incluye la construcci\u00f3n de una glorieta en la intersecci\u00f3n de la CV-510 y la CV-506, un tramo con m\u00e1s de 10.000 veh\u00edculos al d\u00eda, y otra en el cruce de la CV-506 y <a class=\"mh-excerpt-more\" href=\"https:\/\/www.tucomarca.com\/wordpress\/segunda\/la-diputacio-inicia-las-obras-para-mejorar-la-seguridad-en-la-carretera-de-alzira-a-corbera\/\" title=\"La Diputaci\u00f3 inicia las obras para mejorar la seguridad en la carretera de Alzira a Corbera\">[+] <\/a><\/div>\n","protected":false},"author":12,"featured_media":173034,"comment_status":"open","ping_status":"open","sticky":false,"template":"","format":"standard","meta":{"footnotes":""},"categories":[69,128,8,42,142,3,45],"tags":[18367,18366,9176,1407],"class_list":{"0":"post-173031","1":"post","2":"type-post","3":"status-publish","4":"format-standard","5":"has-post-thumbnail","7":"category-alzira","8":"category-infraestructuras","9":"category-la-comarca","10":"category-la-ribera","11":"category-politica-la-comarca","12":"category-seccion","13":"category-ventana","14":"tag-carretera-de-alzira-a-corbera","15":"tag-cv-506","16":"tag-cv-510","17":"tag-ribera-alta"},"_links":{"self":[{"href":"https:\/\/www.tucomarca.com\/wordpress\/segunda\/wp-json\/wp\/v2\/posts\/173031","targetHints":{"allow":["GET"]}}],"collection":[{"href":"https:\/\/www.tucomarca.com\/wordpress\/segunda\/wp-json\/wp\/v2\/posts"}],"about":[{"href":"https:\/\/www.tucomarca.com\/wordpress\/segunda\/wp-json\/wp\/v2\/types\/post"}],"author":[{"embeddable":true,"href":"https:\/\/www.tucomarca.com\/wordpress\/segunda\/wp-json\/wp\/v2\/users\/12"}],"replies":[{"embeddable":true,"href":"https:\/\/www.tucomarca.com\/wordpress\/segunda\/wp-json\/wp\/v2\/comments?post=173031"}],"version-history":[{"count":0,"href":"https:\/\/www.tucomarca.com\/wordpress\/segunda\/wp-json\/wp\/v2\/posts\/173031\/revisions"}],"wp:featuredmedia":[{"embeddable":true,"href":"https:\/\/www.tucomarca.com\/wordpress\/segunda\/wp-json\/wp\/v2\/media\/173034"}],"wp:attachment":[{"href":"https:\/\/www.tucomarca.com\/wordpress\/segunda\/wp-json\/wp\/v2\/media?parent=173031"}],"wp:term":[{"taxonomy":"category","embeddable":true,"href":"https:\/\/www.tucomarca.com\/wordpress\/segunda\/wp-json\/wp\/v2\/categories?post=173031"},{"taxonomy":"post_tag","embeddable":true,"href":"https:\/\/www.tucomarca.com\/wordpress\/segunda\/wp-json\/wp\/v2\/tags?post=173031"}],"curies":[{"name":"wp","href":"https:\/\/api.w.org\/{rel}","templated":true}]}}