{"id":173057,"date":"2022-11-25T16:00:00","date_gmt":"2022-11-25T14:00:00","guid":{"rendered":"https:\/\/www.tucomarca.com\/wordpress\/segunda\/?p=173057"},"modified":"2022-11-25T20:20:47","modified_gmt":"2022-11-25T18:20:47","slug":"sanidad-notifica-15-fallecimientos-y-2-054-nuevos-casos-de-coronavirus-en-la-comunitat-valenciana-1-096-de-ellos-en-mayores-de-60-anos","status":"publish","type":"post","link":"https:\/\/www.tucomarca.com\/wordpress\/segunda\/sanidad-notifica-15-fallecimientos-y-2-054-nuevos-casos-de-coronavirus-en-la-comunitat-valenciana-1-096-de-ellos-en-mayores-de-60-anos\/","title":{"rendered":"Sanidad notifica 15 fallecimientos y 2.054 nuevos casos de coronavirus en la Comunitat Valenciana, 1.096 de ellos en mayores de 60 a\u00f1os"},"content":{"rendered":"\n<h3 class=\"wp-block-heading\"><strong>Los hospitales valencianos tienen 276 personas ingresadas por COVID, 15 de ellas en la UCI<\/strong><\/h3>\n\n\n\n<p>La Conselleria de Sanidad Universal y Salud P\u00fablica ha notificado un total de 2.054 nuevos casos de coronavirus confirmados por prueba PCR o a trav\u00e9s de test de ant\u00edgenos desde la \u00faltima actualizaci\u00f3n el pasado viernes. Los nuevos casos por provincias son 274 en Castell\u00f3n (193.655 en total), 460 en Alicante (531.299 en total) y 1.320 en Valencia (844.647 en total).<\/p>\n\n\n\n<p>De ellos, 1.096 son de personas mayores de 60 a\u00f1os. Por provincias: 170 de Castell\u00f3n, 280 de Alicante y 646 de Valencia.<\/p>\n\n\n\n<p>Los hospitales valencianos tienen actualmente 276 personas ingresadas por COVID, 15 de ellas en la UCI: 33 en la provincia de Castell\u00f3n, 2 en UCI; 82 en la provincia de Alicante, 6 de ellas en la UCI, y 161 en la provincia de Valencia, 7 en UCI.<\/p>\n\n\n\n<p>Se han notificado 15 fallecimientos por coronavirus desde la \u00faltima actualizaci\u00f3n, todos con fecha de defunci\u00f3n en los \u00faltimos 15 d\u00edas salvo uno de octubre. Se trata de 7 mujeres de entre 64 y 92 a\u00f1os, y 8 hombres de entre 59 y 94. El total de decesos desde el inicio de la pandemia asciende a 10.170: 1.212 en la provincia de Castell\u00f3n, 3.876 en la de Alicante y 5.082 en la de Valencia.<\/p>\n","protected":false},"excerpt":{"rendered":"<div class=\"mh-excerpt\">Los hospitales valencianos tienen 276 personas ingresadas por COVID, 15 de ellas en la UCI La Conselleria de Sanidad Universal y Salud P\u00fablica ha notificado un total de 2.054 nuevos casos de coronavirus confirmados por <a class=\"mh-excerpt-more\" href=\"https:\/\/www.tucomarca.com\/wordpress\/segunda\/sanidad-notifica-15-fallecimientos-y-2-054-nuevos-casos-de-coronavirus-en-la-comunitat-valenciana-1-096-de-ellos-en-mayores-de-60-anos\/\" title=\"Sanidad notifica 15 fallecimientos y 2.054 nuevos casos de coronavirus en la Comunitat Valenciana, 1.096 de ellos en mayores de 60 a\u00f1os\">[+] <\/a><\/div>\n","protected":false},"author":1,"featured_media":153021,"comment_status":"open","ping_status":"open","sticky":false,"template":"","format":"standard","meta":{"footnotes":""},"categories":[119,12201,128,8,72,142,3,116],"tags":[11937,11938,2142,1973,2105],"class_list":{"0":"post-173057","1":"post","2":"type-post","3":"status-publish","4":"format-standard","5":"has-post-thumbnail","7":"category-sanidad-la-comarca","8":"category-covid-19","9":"category-infraestructuras","10":"category-la-comarca","11":"category-sin-categorizar","12":"category-politica-la-comarca","13":"category-seccion","14":"category-sucesos-la-comarca","15":"tag-coronavirus","16":"tag-covid-19","17":"tag-la-comunitat","18":"tag-vacunacion","19":"tag-vacunas"},"_links":{"self":[{"href":"https:\/\/www.tucomarca.com\/wordpress\/segunda\/wp-json\/wp\/v2\/posts\/173057","targetHints":{"allow":["GET"]}}],"collection":[{"href":"https:\/\/www.tucomarca.com\/wordpress\/segunda\/wp-json\/wp\/v2\/posts"}],"about":[{"href":"https:\/\/www.tucomarca.com\/wordpress\/segunda\/wp-json\/wp\/v2\/types\/post"}],"author":[{"embeddable":true,"href":"https:\/\/www.tucomarca.com\/wordpress\/segunda\/wp-json\/wp\/v2\/users\/1"}],"replies":[{"embeddable":true,"href":"https:\/\/www.tucomarca.com\/wordpress\/segunda\/wp-json\/wp\/v2\/comments?post=173057"}],"version-history":[{"count":0,"href":"https:\/\/www.tucomarca.com\/wordpress\/segunda\/wp-json\/wp\/v2\/posts\/173057\/revisions"}],"wp:featuredmedia":[{"embeddable":true,"href":"https:\/\/www.tucomarca.com\/wordpress\/segunda\/wp-json\/wp\/v2\/media\/153021"}],"wp:attachment":[{"href":"https:\/\/www.tucomarca.com\/wordpress\/segunda\/wp-json\/wp\/v2\/media?parent=173057"}],"wp:term":[{"taxonomy":"category","embeddable":true,"href":"https:\/\/www.tucomarca.com\/wordpress\/segunda\/wp-json\/wp\/v2\/categories?post=173057"},{"taxonomy":"post_tag","embeddable":true,"href":"https:\/\/www.tucomarca.com\/wordpress\/segunda\/wp-json\/wp\/v2\/tags?post=173057"}],"curies":[{"name":"wp","href":"https:\/\/api.w.org\/{rel}","templated":true}]}}