{"id":173080,"date":"2022-11-26T08:00:00","date_gmt":"2022-11-26T06:00:00","guid":{"rendered":"https:\/\/www.tucomarca.com\/wordpress\/segunda\/?p=173080"},"modified":"2022-11-25T21:22:44","modified_gmt":"2022-11-25T19:22:44","slug":"el-ayuntamiento-de-benaguasil-negocia-la-adquisicion-de-la-antigua-escuela-de-la-sagrada-familia","status":"publish","type":"post","link":"https:\/\/www.tucomarca.com\/wordpress\/segunda\/el-ayuntamiento-de-benaguasil-negocia-la-adquisicion-de-la-antigua-escuela-de-la-sagrada-familia\/","title":{"rendered":"El Ayuntamiento de Benaguasil negocia la adquisici\u00f3n de la antigua Escuela de la Sagrada Familia"},"content":{"rendered":"\n<h4 class=\"wp-block-heading\">El gobierno local aprueba una modificaci\u00f3n presupuestaria con la intenci\u00f3n de la compra del inmueble.<\/h4>\n\n\n\n<p>El Ayuntamiento de Benaguasil ha aprobado en la comisi\u00f3n informativa de hoy una modificaci\u00f3n presupuestaria con la intenci\u00f3n de adquirir el colegio de la Sagrada Familia, ubicada en la calle Fray Luis Amig\u00f3.<\/p>\n\n\n\n<p>El emblem\u00e1tico edificio tiene una superficie de 800 metros cuadrados y la intenci\u00f3n del Ayuntamiento es destinarlo a uso social. \u201cSe trata de una operaci\u00f3n que revertir\u00e1 en la ciudadan\u00eda ofreciendo un nuevo espacio p\u00fablico, ya que el inmueble se adquiere en previsi\u00f3n de las necesidades que podr\u00edan darse en el caso de la puesta en marcha del Centro de D\u00eda, o para destinarlo al asociacionismo\u201d, han se\u00f1alado fuentes municipales.<\/p>\n\n\n\n<p>Con esta operaci\u00f3n adem\u00e1s, el Equipo de Gobierno contin\u00faa adelante con el objetivo de cuidar el patrimonio hist\u00f3rico de Benaguasil y su puesta en valor. \u201cPara el gobierno municipal que esta casa hist\u00f3rica y emblem\u00e1tica no pasara a manos de otros propietarios es algo que consideramos importante dado el valor patrimonial y sentimental que tiene para muchas personas de Benaguasil que crecieron y se educaron en ese lugar. Para ello hemos aprobado esta modificaci\u00f3n que permitir\u00e1 comprar el edificio gracias a la situaci\u00f3n econ\u00f3mica municipal saneada y con una apuesta clara para contribuir en su conservaci\u00f3n y preservaci\u00f3n, evitando as\u00ed su desaparici\u00f3n\u201d.<\/p>\n","protected":false},"excerpt":{"rendered":"<div class=\"mh-excerpt\">El gobierno local aprueba una modificaci\u00f3n presupuestaria con la intenci\u00f3n de la compra del inmueble. El Ayuntamiento de Benaguasil ha aprobado en la comisi\u00f3n informativa de hoy una modificaci\u00f3n presupuestaria con la intenci\u00f3n de adquirir <a class=\"mh-excerpt-more\" href=\"https:\/\/www.tucomarca.com\/wordpress\/segunda\/el-ayuntamiento-de-benaguasil-negocia-la-adquisicion-de-la-antigua-escuela-de-la-sagrada-familia\/\" title=\"El Ayuntamiento de Benaguasil negocia la adquisici\u00f3n de la antigua Escuela de la Sagrada Familia\">[+] <\/a><\/div>\n","protected":false},"author":12,"featured_media":173088,"comment_status":"open","ping_status":"open","sticky":false,"template":"","format":"standard","meta":{"footnotes":""},"categories":[172,46,128,8,142,3,45],"tags":[10429,10395,18371],"class_list":{"0":"post-173080","1":"post","2":"type-post","3":"status-publish","4":"format-standard","5":"has-post-thumbnail","7":"category-benaguasil","8":"category-camp-de-turia","9":"category-infraestructuras","10":"category-la-comarca","11":"category-politica-la-comarca","12":"category-seccion","13":"category-ventana","14":"tag-benaguasil","15":"tag-camp-de-turia","16":"tag-escuela-de-la-sagrada-familia"},"_links":{"self":[{"href":"https:\/\/www.tucomarca.com\/wordpress\/segunda\/wp-json\/wp\/v2\/posts\/173080","targetHints":{"allow":["GET"]}}],"collection":[{"href":"https:\/\/www.tucomarca.com\/wordpress\/segunda\/wp-json\/wp\/v2\/posts"}],"about":[{"href":"https:\/\/www.tucomarca.com\/wordpress\/segunda\/wp-json\/wp\/v2\/types\/post"}],"author":[{"embeddable":true,"href":"https:\/\/www.tucomarca.com\/wordpress\/segunda\/wp-json\/wp\/v2\/users\/12"}],"replies":[{"embeddable":true,"href":"https:\/\/www.tucomarca.com\/wordpress\/segunda\/wp-json\/wp\/v2\/comments?post=173080"}],"version-history":[{"count":0,"href":"https:\/\/www.tucomarca.com\/wordpress\/segunda\/wp-json\/wp\/v2\/posts\/173080\/revisions"}],"wp:featuredmedia":[{"embeddable":true,"href":"https:\/\/www.tucomarca.com\/wordpress\/segunda\/wp-json\/wp\/v2\/media\/173088"}],"wp:attachment":[{"href":"https:\/\/www.tucomarca.com\/wordpress\/segunda\/wp-json\/wp\/v2\/media?parent=173080"}],"wp:term":[{"taxonomy":"category","embeddable":true,"href":"https:\/\/www.tucomarca.com\/wordpress\/segunda\/wp-json\/wp\/v2\/categories?post=173080"},{"taxonomy":"post_tag","embeddable":true,"href":"https:\/\/www.tucomarca.com\/wordpress\/segunda\/wp-json\/wp\/v2\/tags?post=173080"}],"curies":[{"name":"wp","href":"https:\/\/api.w.org\/{rel}","templated":true}]}}