{"id":173097,"date":"2022-11-26T17:22:00","date_gmt":"2022-11-26T15:22:00","guid":{"rendered":"https:\/\/www.tucomarca.com\/wordpress\/segunda\/?p=173097"},"modified":"2022-11-26T22:12:39","modified_gmt":"2022-11-26T20:12:39","slug":"la-musica-da-su-adios-a-henrie-adams-quien-fuera-director-titular-de-la-artistica-de-bunol-durante-treinta-anos","status":"publish","type":"post","link":"https:\/\/www.tucomarca.com\/wordpress\/segunda\/la-musica-da-su-adios-a-henrie-adams-quien-fuera-director-titular-de-la-artistica-de-bunol-durante-treinta-anos\/","title":{"rendered":"La m\u00fasica da su adi\u00f3s a Henrie Adams quien fuera director titular de \u00abLa Art\u00edstica\u00bb de Bu\u00f1ol durante treinta a\u00f1os"},"content":{"rendered":"\n<p>El que fuera maestro de la Sociedad Musical \u00abLa Art\u00edstica\u00bb de Bu\u00f1ol, \u00abLos Feos\u00bb, durante treinta a\u00f1os, Henrie Adams, ha fallecido este s\u00e1bado, 26 de noviembre, tras una larga enfermedad. El director holand\u00e9s es considerado internacionalmente como una de las figuras m\u00e1s influyentes en el \u00e1mbito de la m\u00fasica sinf\u00f3nica de viento.<\/p>\n\n\n\n<p>Henrie Adams ha estado estrechamente vinculado musicalmente al pueblo de Bu\u00f1ol desde que llegara en 1989. Bajo su batuta tanto la banda sinf\u00f3nica como la orquesta de \u00abLos Feos\u00bb vivieron una \u00e9poca dorada, llena de \u00e9xitos y grandes momentos, que quedar\u00e1n para siempre en la historia de la banda. Con ella recibi\u00f3 numerosos premios y reconocimientos internacionales, incluyendo el m\u00e1ximo galard\u00f3n en la m\u00e1s alta categor\u00eda del WMC (2001, Kerkrade). Adem\u00e1s, su amplia discograf\u00eda \u2014de m\u00e1s de 40 CDs\u2014 ha demostrado ser de gran importancia para la cultura internacional de bandas sinf\u00f3nicas.<\/p>\n\n\n\n<p>En 2019, Henrie Adams, tom\u00f3 otro rumbo art\u00edstico y fue Mario Ortu\u00f1o quien tom\u00f3 las riendas de la SM \u00abLa Art\u00edstica\u00bb. Actualmente, Henrie Adams trabajaba como director titular de la Orquesta Sinf\u00f3nica de Castell\u00f3n y como director invitado de la Banda Municipal de Barcelona. A pesar de su marcha, el director ha seguido ligado a los m\u00fasicos de Bu\u00f1ol a trav\u00e9s de las agrupaciones que ha dirigido. Es por eso que el pueblo de Bu\u00f1ol y sus m\u00fasicos se unen al dolor de la familia y amigos por esta gran p\u00e9rdida, as\u00ed como a la m\u00fasica en general, que pierde a uno de sus referentes art\u00edsticos. <\/p>\n","protected":false},"excerpt":{"rendered":"<div class=\"mh-excerpt\">El que fuera maestro de la Sociedad Musical \u00abLa Art\u00edstica\u00bb de Bu\u00f1ol, \u00abLos Feos\u00bb, durante treinta a\u00f1os, Henrie Adams, ha fallecido este s\u00e1bado, 26 de noviembre, tras una larga enfermedad. El director holand\u00e9s es considerado <a class=\"mh-excerpt-more\" href=\"https:\/\/www.tucomarca.com\/wordpress\/segunda\/la-musica-da-su-adios-a-henrie-adams-quien-fuera-director-titular-de-la-artistica-de-bunol-durante-treinta-anos\/\" title=\"La m\u00fasica da su adi\u00f3s a Henrie Adams quien fuera director titular de \u00abLa Art\u00edstica\u00bb de Bu\u00f1ol durante treinta a\u00f1os\">[+] <\/a><\/div>\n","protected":false},"author":12,"featured_media":82897,"comment_status":"open","ping_status":"open","sticky":false,"template":"","format":"standard","meta":{"footnotes":""},"categories":[18,66,8,72,10,7,3],"tags":[10385,3462,5952,7112,10559],"class_list":{"0":"post-173097","1":"post","2":"type-post","3":"status-publish","4":"format-standard","5":"has-post-thumbnail","7":"category-bunol","8":"category-musica","9":"category-la-comarca","10":"category-sin-categorizar","11":"category-la-hoya","12":"category-ocio-y-cultura","13":"category-seccion","14":"tag-bunol","15":"tag-henrie-adams","16":"tag-la-hoya-de-bunol-chiva","17":"tag-los-feos","18":"tag-sm-la-artistica-de-bunol"},"_links":{"self":[{"href":"https:\/\/www.tucomarca.com\/wordpress\/segunda\/wp-json\/wp\/v2\/posts\/173097","targetHints":{"allow":["GET"]}}],"collection":[{"href":"https:\/\/www.tucomarca.com\/wordpress\/segunda\/wp-json\/wp\/v2\/posts"}],"about":[{"href":"https:\/\/www.tucomarca.com\/wordpress\/segunda\/wp-json\/wp\/v2\/types\/post"}],"author":[{"embeddable":true,"href":"https:\/\/www.tucomarca.com\/wordpress\/segunda\/wp-json\/wp\/v2\/users\/12"}],"replies":[{"embeddable":true,"href":"https:\/\/www.tucomarca.com\/wordpress\/segunda\/wp-json\/wp\/v2\/comments?post=173097"}],"version-history":[{"count":0,"href":"https:\/\/www.tucomarca.com\/wordpress\/segunda\/wp-json\/wp\/v2\/posts\/173097\/revisions"}],"wp:featuredmedia":[{"embeddable":true,"href":"https:\/\/www.tucomarca.com\/wordpress\/segunda\/wp-json\/wp\/v2\/media\/82897"}],"wp:attachment":[{"href":"https:\/\/www.tucomarca.com\/wordpress\/segunda\/wp-json\/wp\/v2\/media?parent=173097"}],"wp:term":[{"taxonomy":"category","embeddable":true,"href":"https:\/\/www.tucomarca.com\/wordpress\/segunda\/wp-json\/wp\/v2\/categories?post=173097"},{"taxonomy":"post_tag","embeddable":true,"href":"https:\/\/www.tucomarca.com\/wordpress\/segunda\/wp-json\/wp\/v2\/tags?post=173097"}],"curies":[{"name":"wp","href":"https:\/\/api.w.org\/{rel}","templated":true}]}}