{"id":173117,"date":"2022-11-26T12:00:00","date_gmt":"2022-11-26T10:00:00","guid":{"rendered":"https:\/\/www.tucomarca.com\/wordpress\/segunda\/?p=173117"},"modified":"2022-11-28T12:26:46","modified_gmt":"2022-11-28T10:26:46","slug":"la-mancomunidad-del-interior-tierra-del-vino-organiza-visitas-a-la-planta-de-tratamiento-de-residuos-domesticos-de-lliria-durante-diciembre","status":"publish","type":"post","link":"https:\/\/www.tucomarca.com\/wordpress\/segunda\/la-mancomunidad-del-interior-tierra-del-vino-organiza-visitas-a-la-planta-de-tratamiento-de-residuos-domesticos-de-lliria-durante-diciembre\/","title":{"rendered":"La Mancomunidad del Interior Tierra del Vino organiza visitas a la planta de tratamiento de residuos dom\u00e9sticos de Ll\u00edria durante diciembre"},"content":{"rendered":"\n<p>La Mancomunidad del Interior Tierra del Vino (MITV) organiza, con la colaboraci\u00f3n del Consorcio Valencia Interior, visitas a la Planta de Tratamiento de Residuos Dom\u00e9sticos de Ll\u00edria (Valencia) durante el mes de diciembre para toda la poblaci\u00f3n que est\u00e9 interesada. Los habitantes de la comarca podr\u00e1n conocer en primera persona qu\u00e9 se hace y d\u00f3nde van los residuos dom\u00e9sticos una vez los depositan en los contenedores de sus respectivos municipios.<\/p>\n\n\n\n<p>Las fechas, horarios y lugares de recogida del autob\u00fas para cada municipio son las siguientes:<\/p>\n\n\n\n<p><strong>&nbsp;16 de diciembre <\/strong>-actividad organizada junto a la Mancomunidad del Tejo-:&nbsp;<\/p>\n\n\n\n<p>09:30 h. Chera: desde la parada de autob\u00fas situada en la entrada del pueblo.<\/p>\n\n\n\n<p>10:00 h. Requena: desde la parada de autob\u00fas situada en la Avenida de la Estaci\u00f3n.<\/p>\n\n\n\n<p><strong>&nbsp;21 de diciembre:&nbsp;<\/strong><\/p>\n\n\n\n<p>09:30 h. Camporrobles: desde el bar de la cooperativa.<\/p>\n\n\n\n<p>09:45 h. Fuenterrobles: desde la parada de autob\u00fas del Ayuntamiento.<\/p>\n\n\n\n<p>10:00 h. Villargordo del Cabriel: desde la parada de autob\u00fas situada en el Parque Mercado Municipal.<\/p>\n\n\n\n<p><strong>&nbsp;22 de diciembre:&nbsp;<\/strong><\/p>\n\n\n\n<p>09:30 h. Venta del Moro: desde la parada de autob\u00fas situada en la piscina municipal.<\/p>\n\n\n\n<p>09:45 h. Caudete de las Fuentes: desde la parada de autob\u00fas N-III.<\/p>\n\n\n\n<p><strong>&nbsp;23 de diciembre:&nbsp;<\/strong><\/p>\n\n\n\n<p>09:30 h. Sinarcas: desde la parada de autob\u00fas del Ayuntamiento.<\/p>\n\n\n\n<p>10:00 h. Utiel: desde la parada de autob\u00fas Mercado Municipal.<\/p>\n\n\n\n<p>&nbsp;La visita a las instalaciones tiene una duraci\u00f3n de 2 horas y se incluye un almuerzo para todas las personas asistentes. El regreso de vuelta a cada municipio est\u00e1 previsto entre las 14 y 15 horas. Adem\u00e1s, se contar\u00e1 con la presencia de los educadores ambientales de MITV y Mancomunidad de El Tejo.<\/p>\n\n\n\n<p>La visita es totalmente gratuita, as\u00ed como el almuerzo y el transporte de ida y vuelta, gracias a la financiaci\u00f3n \u00edntegra del Consorcio Valencia Interior.&nbsp;<\/p>\n\n\n\n<p>Informa, Luis Ib\u00e1\u00f1ez.<\/p>\n","protected":false},"excerpt":{"rendered":"<div class=\"mh-excerpt\">La Mancomunidad del Interior Tierra del Vino (MITV) organiza, con la colaboraci\u00f3n del Consorcio Valencia Interior, visitas a la Planta de Tratamiento de Residuos Dom\u00e9sticos de Ll\u00edria (Valencia) durante el mes de diciembre para toda <a class=\"mh-excerpt-more\" href=\"https:\/\/www.tucomarca.com\/wordpress\/segunda\/la-mancomunidad-del-interior-tierra-del-vino-organiza-visitas-a-la-planta-de-tratamiento-de-residuos-domesticos-de-lliria-durante-diciembre\/\" title=\"La Mancomunidad del Interior Tierra del Vino organiza visitas a la planta de tratamiento de residuos dom\u00e9sticos de Ll\u00edria durante diciembre\">[+] <\/a><\/div>\n","protected":false},"author":12,"featured_media":173121,"comment_status":"open","ping_status":"open","sticky":false,"template":"","format":"standard","meta":{"footnotes":""},"categories":[4,46,236,37,138,139,8,47,117,142,28,27,3,235,29,234,120],"tags":[417,10220,10396,12385,10387],"class_list":{"0":"post-173117","1":"post","2":"type-post","3":"status-publish","4":"format-standard","5":"has-post-thumbnail","7":"category-agenda","8":"category-camp-de-turia","9":"category-camporrobles","10":"category-caudete","11":"category-chera","12":"category-fuenterrobles","13":"category-la-comarca","14":"category-lliria","15":"category-medio-ambiente-la-comarca","16":"category-politica-la-comarca","17":"category-requena","18":"category-requena-utiel","19":"category-seccion","20":"category-sinarcas","21":"category-utiel","22":"category-venta-del-moro","23":"category-villargordo-del-cabriel","24":"tag-consorcio-valencia-interior","25":"tag-cvi","26":"tag-lliria","27":"tag-mancomunidad-del-interior-tierra-del-vino","28":"tag-requena-utiel"},"_links":{"self":[{"href":"https:\/\/www.tucomarca.com\/wordpress\/segunda\/wp-json\/wp\/v2\/posts\/173117","targetHints":{"allow":["GET"]}}],"collection":[{"href":"https:\/\/www.tucomarca.com\/wordpress\/segunda\/wp-json\/wp\/v2\/posts"}],"about":[{"href":"https:\/\/www.tucomarca.com\/wordpress\/segunda\/wp-json\/wp\/v2\/types\/post"}],"author":[{"embeddable":true,"href":"https:\/\/www.tucomarca.com\/wordpress\/segunda\/wp-json\/wp\/v2\/users\/12"}],"replies":[{"embeddable":true,"href":"https:\/\/www.tucomarca.com\/wordpress\/segunda\/wp-json\/wp\/v2\/comments?post=173117"}],"version-history":[{"count":0,"href":"https:\/\/www.tucomarca.com\/wordpress\/segunda\/wp-json\/wp\/v2\/posts\/173117\/revisions"}],"wp:featuredmedia":[{"embeddable":true,"href":"https:\/\/www.tucomarca.com\/wordpress\/segunda\/wp-json\/wp\/v2\/media\/173121"}],"wp:attachment":[{"href":"https:\/\/www.tucomarca.com\/wordpress\/segunda\/wp-json\/wp\/v2\/media?parent=173117"}],"wp:term":[{"taxonomy":"category","embeddable":true,"href":"https:\/\/www.tucomarca.com\/wordpress\/segunda\/wp-json\/wp\/v2\/categories?post=173117"},{"taxonomy":"post_tag","embeddable":true,"href":"https:\/\/www.tucomarca.com\/wordpress\/segunda\/wp-json\/wp\/v2\/tags?post=173117"}],"curies":[{"name":"wp","href":"https:\/\/api.w.org\/{rel}","templated":true}]}}