{"id":173217,"date":"2022-11-28T14:00:00","date_gmt":"2022-11-28T12:00:00","guid":{"rendered":"https:\/\/www.tucomarca.com\/wordpress\/segunda\/?p=173217"},"modified":"2022-11-28T22:49:38","modified_gmt":"2022-11-28T20:49:38","slug":"luis-navarro-volvera-a-dirigir-el-primer-equipo-del-cd-bunol","status":"publish","type":"post","link":"https:\/\/www.tucomarca.com\/wordpress\/segunda\/luis-navarro-volvera-a-dirigir-el-primer-equipo-del-cd-bunol\/","title":{"rendered":"Luis Navarro volver\u00e1 a dirigir el primer equipo del CD Bu\u00f1ol"},"content":{"rendered":"\n<p>La directiva del Club Deportivo Bu\u00f1ol ha anunciado este lunes que Luis Navarro \u00abtomar\u00e1 las riendas del CD Bu\u00f1ol. El experto y contrastado entrenador ser\u00e1 el responsable m\u00e1ximo del primer equipo, con el objetivo de intentar meter al equipo en las plazas que dan opci\u00f3n a la promoci\u00f3n de ascenso a Tercera RFEF\u00bb, tal como han comunicado desde el club blanco. <\/p>\n\n\n\n<p>\u00abViejo conocido de la afici\u00f3n bu\u00f1olense, dado que ya consigui\u00f3 mantener al equipo en Tercera Divisi\u00f3n hace algunas temporadas, se trata de un experimentado entrenador que adem\u00e1s de haber trabajado en muchos equipos de la Preferente valenciana, cuenta con m\u00e1s de ocho a\u00f1os de experiencia en Tercera Divisi\u00f3n\u00bb, han a\u00f1adido desde el club, desde donde tambi\u00e9n han querido \u00abagradecer al entrenador que haya apostado por nuestro proyecto, asumiendo el reto de conseguir los objetivos deportivos marcados\u00bb. <\/p>\n\n\n\n<p><strong>Derrota por la m\u00ednima contra el San Marcelino <\/strong><\/p>\n\n\n\n<p>En el mismo orden de cosas, los blancos ca\u00edan por la m\u00ednima este pasado fin de semana en el duelo que mantuvieron en el grupo segundo de la Regional Preferente contra el CDA San Marcelino a domicilio con un tempranero gol de los locales en el minuto 2 que los blancos ya no pudieron ni igualar ni superar durante el resto del partido. <\/p>\n\n\n\n<figure class=\"wp-block-image size-large\"><img loading=\"lazy\" decoding=\"async\" width=\"1024\" height=\"576\" src=\"https:\/\/www.tucomarca.com\/wordpress\/segunda\/wp-content\/uploads\/2022\/11\/SanMarcelinoCDBunol-1024x576.jpg\" alt=\"\" class=\"wp-image-173242\" srcset=\"https:\/\/www.tucomarca.com\/wordpress\/segunda\/wp-content\/uploads\/2022\/11\/SanMarcelinoCDBunol-1024x576.jpg 1024w, https:\/\/www.tucomarca.com\/wordpress\/segunda\/wp-content\/uploads\/2022\/11\/SanMarcelinoCDBunol-300x169.jpg 300w, https:\/\/www.tucomarca.com\/wordpress\/segunda\/wp-content\/uploads\/2022\/11\/SanMarcelinoCDBunol-768x432.jpg 768w, https:\/\/www.tucomarca.com\/wordpress\/segunda\/wp-content\/uploads\/2022\/11\/SanMarcelinoCDBunol-1536x864.jpg 1536w, https:\/\/www.tucomarca.com\/wordpress\/segunda\/wp-content\/uploads\/2022\/11\/SanMarcelinoCDBunol-678x381.jpg 678w, https:\/\/www.tucomarca.com\/wordpress\/segunda\/wp-content\/uploads\/2022\/11\/SanMarcelinoCDBunol.jpg 2048w\" sizes=\"auto, (max-width: 1024px) 100vw, 1024px\" \/><\/figure>\n","protected":false},"excerpt":{"rendered":"<div class=\"mh-excerpt\">La directiva del Club Deportivo Bu\u00f1ol ha anunciado este lunes que Luis Navarro \u00abtomar\u00e1 las riendas del CD Bu\u00f1ol. El experto y contrastado entrenador ser\u00e1 el responsable m\u00e1ximo del primer equipo, con el objetivo de <a class=\"mh-excerpt-more\" href=\"https:\/\/www.tucomarca.com\/wordpress\/segunda\/luis-navarro-volvera-a-dirigir-el-primer-equipo-del-cd-bunol\/\" title=\"Luis Navarro volver\u00e1 a dirigir el primer equipo del CD Bu\u00f1ol\">[+] <\/a><\/div>\n","protected":false},"author":1,"featured_media":173244,"comment_status":"open","ping_status":"open","sticky":false,"template":"","format":"standard","meta":{"footnotes":""},"categories":[18,50,6,10,3],"tags":[10385,537,10379,44,5952],"class_list":{"0":"post-173217","1":"post","2":"type-post","3":"status-publish","4":"format-standard","5":"has-post-thumbnail","7":"category-bunol","8":"category-futbol-deportes","9":"category-deportes","10":"category-la-hoya","11":"category-seccion","12":"tag-bunol","13":"tag-cd-bunol","14":"tag-deportes","15":"tag-futbol","16":"tag-la-hoya-de-bunol-chiva"},"_links":{"self":[{"href":"https:\/\/www.tucomarca.com\/wordpress\/segunda\/wp-json\/wp\/v2\/posts\/173217","targetHints":{"allow":["GET"]}}],"collection":[{"href":"https:\/\/www.tucomarca.com\/wordpress\/segunda\/wp-json\/wp\/v2\/posts"}],"about":[{"href":"https:\/\/www.tucomarca.com\/wordpress\/segunda\/wp-json\/wp\/v2\/types\/post"}],"author":[{"embeddable":true,"href":"https:\/\/www.tucomarca.com\/wordpress\/segunda\/wp-json\/wp\/v2\/users\/1"}],"replies":[{"embeddable":true,"href":"https:\/\/www.tucomarca.com\/wordpress\/segunda\/wp-json\/wp\/v2\/comments?post=173217"}],"version-history":[{"count":0,"href":"https:\/\/www.tucomarca.com\/wordpress\/segunda\/wp-json\/wp\/v2\/posts\/173217\/revisions"}],"wp:featuredmedia":[{"embeddable":true,"href":"https:\/\/www.tucomarca.com\/wordpress\/segunda\/wp-json\/wp\/v2\/media\/173244"}],"wp:attachment":[{"href":"https:\/\/www.tucomarca.com\/wordpress\/segunda\/wp-json\/wp\/v2\/media?parent=173217"}],"wp:term":[{"taxonomy":"category","embeddable":true,"href":"https:\/\/www.tucomarca.com\/wordpress\/segunda\/wp-json\/wp\/v2\/categories?post=173217"},{"taxonomy":"post_tag","embeddable":true,"href":"https:\/\/www.tucomarca.com\/wordpress\/segunda\/wp-json\/wp\/v2\/tags?post=173217"}],"curies":[{"name":"wp","href":"https:\/\/api.w.org\/{rel}","templated":true}]}}