{"id":173292,"date":"2022-11-29T13:00:00","date_gmt":"2022-11-29T11:00:00","guid":{"rendered":"https:\/\/www.tucomarca.com\/wordpress\/segunda\/?p=173292"},"modified":"2022-11-29T17:10:15","modified_gmt":"2022-11-29T15:10:15","slug":"el-pleno-de-bunol-aprueba-el-plan-estrategico-de-turismo","status":"publish","type":"post","link":"https:\/\/www.tucomarca.com\/wordpress\/segunda\/el-pleno-de-bunol-aprueba-el-plan-estrategico-de-turismo\/","title":{"rendered":"El pleno de Bu\u00f1ol aprueba el Plan Estrat\u00e9gico de Turismo"},"content":{"rendered":"\n<p>El Ayuntamiento de Bu\u00f1ol celebr\u00f3 en la tarde de ayer, lunes, un nuevo pleno en el que se aprob\u00f3 por unanimidad de todos los grupos pol\u00edticos el Plan Estrat\u00e9gico de Turismo.<\/p>\n\n\n\n<p>La edil Mar\u00eda Vall\u00e9s fue la encargada de explicar la utilidad de un plan \u201cque nos permite, no s\u00f3lo planificar las acciones de inversi\u00f3n y promoci\u00f3n de turismo de los pr\u00f3ximos a\u00f1os, tambi\u00e9n es un documento esencial para poder acceder a subvenciones y ayudas, un requisito indispensable\u201d.&nbsp;<\/p>\n\n\n\n<p>La mejora y diversificaci\u00f3n de la oferta tur\u00edstica local, la aplicaci\u00f3n de la sostenibilidad social y ambiental a la oferta y la consolidaci\u00f3n y mejor del empleo tur\u00edstico en el municipio son los ejes principales de este documento que marcar\u00e1 el futuro del turismo en Bu\u00f1ol.<\/p>\n\n\n\n<p>En el mismo pleno se aprobaron dos acciones de minimizaci\u00f3n del impacto territorial solicitadas por varios vecinos para construir viviendas, se abri\u00f3 el proceso de quince d\u00edas para que se presenten candidaturas para Juez de Paz Titular, todo ello por unanimidad de los grupos municipales.<\/p>\n\n\n\n<p><strong>Debate<\/strong><\/p>\n\n\n\n<p>El \u00fanico punto que gener\u00f3 debate y diferencias en la votaci\u00f3n fue el relativo a la resoluci\u00f3n de una discrepancia y el reconocimiento de la deuda con un proveedor de algo m\u00e1s de 17.000 euros, concretamente de la redacci\u00f3n del proyecto de la futura piscina cubierta.<\/p>\n\n\n\n<p>EU, PSOE y Unidas Podemos defendieron que saliera adelante con su voto afirmativo, mientras que PP e IAB votaron en contra.<\/p>\n\n\n\n<p>En el turno de ruegos y preguntas, la Asociaci\u00f3n del Castillo hizo un ruego a trav\u00e9s del PP sobre las condiciones de la zona que fue secundado por todos los grupos municipales.<\/p>\n","protected":false},"excerpt":{"rendered":"<div class=\"mh-excerpt\">El Ayuntamiento de Bu\u00f1ol celebr\u00f3 en la tarde de ayer, lunes, un nuevo pleno en el que se aprob\u00f3 por unanimidad de todos los grupos pol\u00edticos el Plan Estrat\u00e9gico de Turismo. La edil Mar\u00eda Vall\u00e9s <a class=\"mh-excerpt-more\" href=\"https:\/\/www.tucomarca.com\/wordpress\/segunda\/el-pleno-de-bunol-aprueba-el-plan-estrategico-de-turismo\/\" title=\"El pleno de Bu\u00f1ol aprueba el Plan Estrat\u00e9gico de Turismo\">[+] <\/a><\/div>\n","protected":false},"author":12,"featured_media":173294,"comment_status":"open","ping_status":"open","sticky":false,"template":"","format":"standard","meta":{"footnotes":""},"categories":[18,128,8,10,142,3],"tags":[10385,5952,18259],"class_list":{"0":"post-173292","1":"post","2":"type-post","3":"status-publish","4":"format-standard","5":"has-post-thumbnail","7":"category-bunol","8":"category-infraestructuras","9":"category-la-comarca","10":"category-la-hoya","11":"category-politica-la-comarca","12":"category-seccion","13":"tag-bunol","14":"tag-la-hoya-de-bunol-chiva","15":"tag-plan-estrategico-de-turismo"},"_links":{"self":[{"href":"https:\/\/www.tucomarca.com\/wordpress\/segunda\/wp-json\/wp\/v2\/posts\/173292","targetHints":{"allow":["GET"]}}],"collection":[{"href":"https:\/\/www.tucomarca.com\/wordpress\/segunda\/wp-json\/wp\/v2\/posts"}],"about":[{"href":"https:\/\/www.tucomarca.com\/wordpress\/segunda\/wp-json\/wp\/v2\/types\/post"}],"author":[{"embeddable":true,"href":"https:\/\/www.tucomarca.com\/wordpress\/segunda\/wp-json\/wp\/v2\/users\/12"}],"replies":[{"embeddable":true,"href":"https:\/\/www.tucomarca.com\/wordpress\/segunda\/wp-json\/wp\/v2\/comments?post=173292"}],"version-history":[{"count":0,"href":"https:\/\/www.tucomarca.com\/wordpress\/segunda\/wp-json\/wp\/v2\/posts\/173292\/revisions"}],"wp:featuredmedia":[{"embeddable":true,"href":"https:\/\/www.tucomarca.com\/wordpress\/segunda\/wp-json\/wp\/v2\/media\/173294"}],"wp:attachment":[{"href":"https:\/\/www.tucomarca.com\/wordpress\/segunda\/wp-json\/wp\/v2\/media?parent=173292"}],"wp:term":[{"taxonomy":"category","embeddable":true,"href":"https:\/\/www.tucomarca.com\/wordpress\/segunda\/wp-json\/wp\/v2\/categories?post=173292"},{"taxonomy":"post_tag","embeddable":true,"href":"https:\/\/www.tucomarca.com\/wordpress\/segunda\/wp-json\/wp\/v2\/tags?post=173292"}],"curies":[{"name":"wp","href":"https:\/\/api.w.org\/{rel}","templated":true}]}}