{"id":173323,"date":"2022-11-29T13:35:00","date_gmt":"2022-11-29T11:35:00","guid":{"rendered":"https:\/\/www.tucomarca.com\/wordpress\/segunda\/?p=173323"},"modified":"2022-11-29T22:41:56","modified_gmt":"2022-11-29T20:41:56","slug":"los-estudios-de-la-diputacio-sobre-la-movilidad-rural-serviran-para-mejorar-el-transporte-en-varias-comarcas","status":"publish","type":"post","link":"https:\/\/www.tucomarca.com\/wordpress\/segunda\/los-estudios-de-la-diputacio-sobre-la-movilidad-rural-serviran-para-mejorar-el-transporte-en-varias-comarcas\/","title":{"rendered":"Los estudios de la Diputaci\u00f3 sobre la movilidad rural servir\u00e1n para mejorar el transporte en varias comarcas"},"content":{"rendered":"\n<h4 class=\"wp-block-heading\">El \u00e1rea de Desarrollo Rural de la corporaci\u00f3n provincial presenta las conclusiones de los estudios sobre h\u00e1bitos y necesidades de desplazamiento en La Serran\u00eda, el Rinc\u00f3n de Ademuz, la Canal de Navarr\u00e9s y el Valle de Ayora-Cofrentes<\/h4>\n\n\n\n<p>La Diputaci\u00f3 de Val\u00e8ncia ha presentado, durante una jornada informativa que ha tenido lugar en el edificio \u2018El Patronato\u2019 de Villar de Arzobispo, las conclusiones de los estudios de movilidad rural encargados por la corporaci\u00f3n provincial para analizar los h\u00e1bitos y necesidades de desplazamiento en las comarcas de La Serran\u00eda, el Rinc\u00f3n de Ademuz, la Canal de Navarr\u00e9s y el Valle de Ayora-Cofrentes, as\u00ed como los resultados espec\u00edficos de la comarca de La Serran\u00eda.<\/p>\n\n\n\n<p>La jornada, organizada por el \u00e1rea de Desarrollo Rural y Pol\u00edticas contra la Despoblaci\u00f3n de la Diputaci\u00f3 de Val\u00e8ncia, ha contado con la colaboraci\u00f3n de la Universitat de Val\u00e8ncia, la Mancomunidad de La Serran\u00eda, el Ayuntamiento de Villar del Arzobispo y la Caja Rural de Villar. El acto ha contado con la presencia del diputado del \u00e1rea, Ramiro Rivera, y de la presidenta de la Mancomunidad, Consuelo Alfonso,<\/p>\n\n\n\n<p>Los estudios, llevados a cabo por el equipo t\u00e9cnico de la unidad de desarrollo rural de la Universitat de Val\u00e8ncia, han puesto de manifiesto la elevada dependencia del vehiculo privado para los desplazamientos de las personas residentes en estas comarcas, as\u00ed como el amplio margen de mejora de los servicios de transporte p\u00fablico existente, que cuentan entre sus usuarios m\u00e1s habituales colectivos con menos personas con carnet de conducir, como es el caso de estudiantes, gente mayor o mujeres.<\/p>\n\n\n\n<p>En este sentido, Ramiro Rivera ha destacado que \u201cestas actuaciones de la Diputaci\u00f3n, junto al proyecto piloto de an\u00e1lisis de patrones de desplazamiento con sensores de detecci\u00f3n anonimizada de tel\u00e9fonos m\u00f3viles en el marco de la iniciativa Smart City Connecta Val\u00e8ncia, nos aportan informaci\u00f3n de primera mano sobre necesidades de transporte, lo cual servir\u00e1 para poder mejorar la situaci\u00f3n del transporte rural\u201d.<\/p>\n","protected":false},"excerpt":{"rendered":"<div class=\"mh-excerpt\">El \u00e1rea de Desarrollo Rural de la corporaci\u00f3n provincial presenta las conclusiones de los estudios sobre h\u00e1bitos y necesidades de desplazamiento en La Serran\u00eda, el Rinc\u00f3n de Ademuz, la Canal de Navarr\u00e9s y el Valle <a class=\"mh-excerpt-more\" href=\"https:\/\/www.tucomarca.com\/wordpress\/segunda\/los-estudios-de-la-diputacio-sobre-la-movilidad-rural-serviran-para-mejorar-el-transporte-en-varias-comarcas\/\" title=\"Los estudios de la Diputaci\u00f3 sobre la movilidad rural servir\u00e1n para mejorar el transporte en varias comarcas\">[+] <\/a><\/div>\n","protected":false},"author":12,"featured_media":173325,"comment_status":"open","ping_status":"open","sticky":false,"template":"","format":"standard","meta":{"footnotes":""},"categories":[49,38,128,70,8,59,117,142,3,45],"tags":[10397,1286,6389,3677,10400,11436],"class_list":{"0":"post-173323","1":"post","2":"type-post","3":"status-publish","4":"format-standard","5":"has-post-thumbnail","7":"category-ademuz","8":"category-ayora-cofrentes","9":"category-infraestructuras","10":"category-la-canal-de-navarres","11":"category-la-comarca","12":"category-los-serranos","13":"category-medio-ambiente-la-comarca","14":"category-politica-la-comarca","15":"category-seccion","16":"category-ventana","17":"tag-ademuz","18":"tag-canal-de-navarres","19":"tag-desarrollo-rural","20":"tag-diputacio-de-valencia","21":"tag-los-serranos","22":"tag-valle-de-ayora-cofrentes"},"_links":{"self":[{"href":"https:\/\/www.tucomarca.com\/wordpress\/segunda\/wp-json\/wp\/v2\/posts\/173323","targetHints":{"allow":["GET"]}}],"collection":[{"href":"https:\/\/www.tucomarca.com\/wordpress\/segunda\/wp-json\/wp\/v2\/posts"}],"about":[{"href":"https:\/\/www.tucomarca.com\/wordpress\/segunda\/wp-json\/wp\/v2\/types\/post"}],"author":[{"embeddable":true,"href":"https:\/\/www.tucomarca.com\/wordpress\/segunda\/wp-json\/wp\/v2\/users\/12"}],"replies":[{"embeddable":true,"href":"https:\/\/www.tucomarca.com\/wordpress\/segunda\/wp-json\/wp\/v2\/comments?post=173323"}],"version-history":[{"count":0,"href":"https:\/\/www.tucomarca.com\/wordpress\/segunda\/wp-json\/wp\/v2\/posts\/173323\/revisions"}],"wp:featuredmedia":[{"embeddable":true,"href":"https:\/\/www.tucomarca.com\/wordpress\/segunda\/wp-json\/wp\/v2\/media\/173325"}],"wp:attachment":[{"href":"https:\/\/www.tucomarca.com\/wordpress\/segunda\/wp-json\/wp\/v2\/media?parent=173323"}],"wp:term":[{"taxonomy":"category","embeddable":true,"href":"https:\/\/www.tucomarca.com\/wordpress\/segunda\/wp-json\/wp\/v2\/categories?post=173323"},{"taxonomy":"post_tag","embeddable":true,"href":"https:\/\/www.tucomarca.com\/wordpress\/segunda\/wp-json\/wp\/v2\/tags?post=173323"}],"curies":[{"name":"wp","href":"https:\/\/api.w.org\/{rel}","templated":true}]}}