{"id":17345,"date":"2013-08-19T15:39:31","date_gmt":"2013-08-19T12:39:31","guid":{"rendered":"http:\/\/www.tucomarca.com\/wordpress\/segunda\/?p=17345"},"modified":"2013-08-19T15:39:39","modified_gmt":"2013-08-19T12:39:39","slug":"los-ayuntamientos-de-chiva-y-requena-firman-un-convenio-con-la-generalitat-para-adherirse-al-programa-extraordinario-de-alquiler-de-interes-social","status":"publish","type":"post","link":"https:\/\/www.tucomarca.com\/wordpress\/segunda\/los-ayuntamientos-de-chiva-y-requena-firman-un-convenio-con-la-generalitat-para-adherirse-al-programa-extraordinario-de-alquiler-de-interes-social\/","title":{"rendered":"Los ayuntamientos de Chiva y Requena firman un convenio con la Generalitat para adherirse al Programa Extraordinario de Alquiler de Inter\u00e9s Social"},"content":{"rendered":"<p><figure id=\"attachment_17346\" aria-describedby=\"caption-attachment-17346\" style=\"width: 300px\" class=\"wp-caption alignleft\"><a href=\"https:\/\/www.tucomarca.com\/wordpress\/segunda\/?attachment_id=17346\" rel=\"attachment wp-att-17346\"><img loading=\"lazy\" decoding=\"async\" src=\"https:\/\/www.tucomarca.com\/wordpress\/segunda\/wp-content\/uploads\/2013\/08\/viviendasRequena-300x194.jpg\" alt=\"\" title=\"viviendasRequena\" width=\"300\" height=\"194\" class=\"size-medium wp-image-17346\" srcset=\"https:\/\/www.tucomarca.com\/wordpress\/segunda\/wp-content\/uploads\/2013\/08\/viviendasRequena-300x194.jpg 300w, https:\/\/www.tucomarca.com\/wordpress\/segunda\/wp-content\/uploads\/2013\/08\/viviendasRequena-1024x665.jpg 1024w\" sizes=\"auto, (max-width: 300px) 100vw, 300px\" \/><\/a><figcaption id=\"caption-attachment-17346\" class=\"wp-caption-text\">Entrega de las viviendas acontecida en la poblaci\u00f3n de Requena. tc.c<\/figcaption><\/figure>La consellera de Infraestructuras, Territorio y Medio Ambiente, Isabel Bonig, ha asegurado que la Generalitat \u00abya ha proporcionado una vivienda de alquiler social a 213 familias en 36 municipios de la Comunitat. De ellas, 65 viviendas han sido cedidas a familias que han perdido su casa debido a una ejecuci\u00f3n hipotecaria\u00bb. Seg\u00fan la Consellera, estas cifras \u00abdesmuestran el esfuerzo que desde el Consell se est\u00e1 haciendo para dar soluci\u00f3n a uno de los problemas m\u00e1s importantes que est\u00e1n padeciendo muchos valencianos\u00bb.<\/p>\n<p>Bonig ha realizado estas declaraciones tras firmar un convenio de colaboraci\u00f3n con los Ayuntamientos de Chiva y Requena para que estos municipios se integren en el Programa Extraordinario de Alquiler de Inter\u00e9s Social de la Generalitat, cuyo objetivo es atender a las necesidades de las familias que han perdido su vivienda habitual como consecuencia de un desahucio hipotecario u otras causas excepcionales. Adem\u00e1s, la Consellera ha hecho entrega de tres viviendas en alquiler de promoci\u00f3n p\u00fablica en Chiva y otras ocho en Requena.<\/p>\n<p>\u00abDesde el Gobierno Valenciano queremos hacer saber a los ciudadanos que estamos a su lado, que desde la administraci\u00f3n trabajamos para dar soluciones reales a este problema tan grave. Por supuesto, nos gustar\u00eda ofrecer ahora mismo muchas m\u00e1s viviendas, pero hay que tener en cuenta que aquellas viviendas que vamos recuperando hay que acondicionarlas para convertirlas en un lugar digno, y eso cuesta su tiempo\u00bb, ha insistido Bonig.<\/p>\n<p>En esta tarea, la Consellera tambi\u00e9n ha querido destacar la colaboraci\u00f3n que est\u00e1n prestando muchos ayuntamientos de la Comunitat \u00abporque son ellos los que verdaderamente conocen las situaciones y necesidades de cada familia de su municipio\u00bb. En la actualidad, 13 ayuntamientos est\u00e1n adscritos al Programa Extraordinario de Alquiler de Inter\u00e9s Social tras la firma de un convenio con la Generalitat y otros 70 consistorios est\u00e1n interesados en formar parte de este programa.<\/p>\n<p>El Programa Extraordinario de Inter\u00e9s de Alquiler Social dispone de un total de 625 viviendas de promoci\u00f3n p\u00fablica de la Generalitat. De ellas, 213 est\u00e1n entregadas y otras 61 est\u00e1 previsto que puedan recibir en breve a sus nuevos inquilinos. Adem\u00e1s, durante este a\u00f1o se licitar\u00e1 la rehabilitaci\u00f3n de 203 viviendas y se est\u00e1 valorando la intervenci\u00f3n de otras 148 para su posterior reforma.<\/p>\n<p>Familias de especial vulnerabilidad<\/p>\n<p>Bonig tambi\u00e9n ha recordado que a finales de junio, la Conselleria de Infraestructuras, Territorio y Medio Ambiente cre\u00f3 una nueva l\u00ednea de ayudas en materia de vivienda por valor de un mill\u00f3n de euros que se destina a familias de especial vulnerabilidad. Esta partida presupuestaria se destina a priorizar el pago de las ayudas a las personas que cumplan las condiciones que se establecen en las bases para facilitarles el alquiler y adquisici\u00f3n de viviendas protegidas.<\/p>\n<p>El plazo de las solicitudes concluye el 31 de octubre de 2013. A estas ayudas pueden acceder aquellas familias de especial vulnerabilidad que se encuentren en determinadas situaciones: contar con una notificaci\u00f3n a su favor de la Conselleria de una resoluci\u00f3n de concesi\u00f3n de ayudas; no disponer ning\u00fan miembro de la familia solicitante de una vivienda; que la unidad familiar sea considerada de especial vulnerabilidad (familia numerosa, monoparental, con un menor de tres a\u00f1os, embarazadas, personas objeto de medidas de realojo, con mayores de 65 a\u00f1os, con una persona con discapacitadad, familia en la que el deudor hipotecario est\u00e9 desempleado, que haya una v\u00edctima de violencia de genero, etc). Adem\u00e1s de estos supuestos, deber\u00e1n concurrir unas determinadas circuntancias econ\u00f3micas.<\/p>\n<p>Viviendas de promoci\u00f3n p\u00fablica en Chiva y Requena<\/p>\n<p>Las viviendas que hoy se han entregado en Chiva forman parte del parque p\u00fablico de la Generalitat en un grupo situado en la calle Dr. Bernat. All\u00ed, el Instituto Valenciano de la Vivienda (IVVSA) gestiona un total de 78 viviendas.<\/p>\n<p>En noviembre de 2012, la Conselleria ya entreg\u00f3 en este municipio una vivienda a una familia de Chiva dentro del Programa Extraordinario de Alquiler de Inter\u00e9s Social.<\/p>\n<p>Por lo que respecta a Requena, se trata de la tercera entrega de viviendas. En noviembre de 2012 y en junio de este a\u00f1o se otorgaron otros dos pisos a vecinos de la localidad. El IVVSA gestiona en Requena un total de 172 viviendas en la calle Dr. M\u00fasico Mariano P\u00e9rez S\u00e1nchez.<\/p>\n","protected":false},"excerpt":{"rendered":"<div class=\"mh-excerpt\">La consellera de Infraestructuras, Territorio y Medio Ambiente, Isabel Bonig, ha asegurado que la Generalitat \u00abya ha proporcionado una vivienda de alquiler social a 213 familias en 36 municipios de la Comunitat. De ellas, 65 <a class=\"mh-excerpt-more\" href=\"https:\/\/www.tucomarca.com\/wordpress\/segunda\/los-ayuntamientos-de-chiva-y-requena-firman-un-convenio-con-la-generalitat-para-adherirse-al-programa-extraordinario-de-alquiler-de-interes-social\/\" title=\"Los ayuntamientos de Chiva y Requena firman un convenio con la Generalitat para adherirse al Programa Extraordinario de Alquiler de Inter\u00e9s Social\">[+] <\/a><\/div>\n","protected":false},"author":2,"featured_media":17346,"comment_status":"open","ping_status":"open","sticky":false,"template":"","format":"standard","meta":{"footnotes":""},"categories":[16,128,8,10,28,27,3,45],"tags":[10384,1654,723,680,10388],"class_list":{"0":"post-17345","1":"post","2":"type-post","3":"status-publish","4":"format-standard","5":"has-post-thumbnail","7":"category-chiva","8":"category-infraestructuras","9":"category-la-comarca","10":"category-la-hoya","11":"category-requena","12":"category-requena-utiel","13":"category-seccion","14":"category-ventana","15":"tag-chiva","16":"tag-convernio","17":"tag-generalitat","18":"tag-isabel-bonig","19":"tag-requena"},"_links":{"self":[{"href":"https:\/\/www.tucomarca.com\/wordpress\/segunda\/wp-json\/wp\/v2\/posts\/17345","targetHints":{"allow":["GET"]}}],"collection":[{"href":"https:\/\/www.tucomarca.com\/wordpress\/segunda\/wp-json\/wp\/v2\/posts"}],"about":[{"href":"https:\/\/www.tucomarca.com\/wordpress\/segunda\/wp-json\/wp\/v2\/types\/post"}],"author":[{"embeddable":true,"href":"https:\/\/www.tucomarca.com\/wordpress\/segunda\/wp-json\/wp\/v2\/users\/2"}],"replies":[{"embeddable":true,"href":"https:\/\/www.tucomarca.com\/wordpress\/segunda\/wp-json\/wp\/v2\/comments?post=17345"}],"version-history":[{"count":0,"href":"https:\/\/www.tucomarca.com\/wordpress\/segunda\/wp-json\/wp\/v2\/posts\/17345\/revisions"}],"wp:featuredmedia":[{"embeddable":true,"href":"https:\/\/www.tucomarca.com\/wordpress\/segunda\/wp-json\/wp\/v2\/media\/17346"}],"wp:attachment":[{"href":"https:\/\/www.tucomarca.com\/wordpress\/segunda\/wp-json\/wp\/v2\/media?parent=17345"}],"wp:term":[{"taxonomy":"category","embeddable":true,"href":"https:\/\/www.tucomarca.com\/wordpress\/segunda\/wp-json\/wp\/v2\/categories?post=17345"},{"taxonomy":"post_tag","embeddable":true,"href":"https:\/\/www.tucomarca.com\/wordpress\/segunda\/wp-json\/wp\/v2\/tags?post=17345"}],"curies":[{"name":"wp","href":"https:\/\/api.w.org\/{rel}","templated":true}]}}