{"id":173717,"date":"2022-12-07T14:00:00","date_gmt":"2022-12-07T12:00:00","guid":{"rendered":"https:\/\/www.tucomarca.com\/wordpress\/segunda\/?p=173717"},"modified":"2022-12-07T15:23:07","modified_gmt":"2022-12-07T13:23:07","slug":"el-ayuntamiento-de-benaguasil-programa-numerosas-actividades-de-cara-a-la-navidad","status":"publish","type":"post","link":"https:\/\/www.tucomarca.com\/wordpress\/segunda\/el-ayuntamiento-de-benaguasil-programa-numerosas-actividades-de-cara-a-la-navidad\/","title":{"rendered":"El Ayuntamiento de Benaguasil programa numerosas actividades de cara a la Navidad"},"content":{"rendered":"\n<h4 class=\"wp-block-heading\">El encendido de las luces navide\u00f1as dar\u00e1 el pistoletazo de salida a la Navidad.<\/h4>\n\n\n\n<h4 class=\"wp-block-heading\">La programaci\u00f3n contempla actividades culturales, deportivas y de ocio.<\/h4>\n\n\n\n<p>El Ayuntamiento de Benaguasil, a trav\u00e9s de la concejal\u00eda de Fiestas y Juventud, ha preparado este a\u00f1o un completo programa de Navidad para el disfrute de todos los p\u00fablicos. La programaci\u00f3n que, tiene muy en cuenta a los m\u00e1s peque\u00f1os, arrancar\u00e1 ma\u00f1ana 8 de diciembre con el encendido del alumbrado t\u00edpico navide\u00f1o que ya decora las calles de Benaguasil, y tambi\u00e9n el Santuario de Montiel, una de las novedades de la iluminaci\u00f3n navide\u00f1a de este a\u00f1o.<\/p>\n\n\n\n<p>As\u00ed lo ha se\u00f1alado la edil Ana Aleixandre, quien ha destacado la extensa y completa programaci\u00f3n organizada para que el p\u00fablico infantil disfrute con gran ilusi\u00f3n de estas fechas entra\u00f1ables.&nbsp;<\/p>\n\n\n\n<p>El programa de actividades se desarrollar\u00e1 durante todo el mes de diciembre y hasta el 8 de enero. Una de las novedades de la programaci\u00f3n ser\u00e1 la feria de atracciones que del 8 al 10 de diciembre se instalar\u00e1 en la Avenida de Montiel.<\/p>\n\n\n\n<p>La oferta de ocio y entretenimiento se completa con la feria de Europa y el mercado navide\u00f1o en el que del 16 al 18 de diciembre la ciudadan\u00eda podr\u00e1 disfrutar con m\u00fasica ambientada en la tem\u00e1tica navide\u00f1a, de juegos l\u00fadicos para los m\u00e1s peque\u00f1os, talleres infantiles, adem\u00e1s de demostraciones de algunos talleres de artesan\u00eda, y la visita de Papa Noel y del paje real.<\/p>\n\n\n\n<p>Otra de las iniciativas que se desarrollar\u00e1 durante las fiestas navide\u00f1as es la escuela de Navidad del 26 al 30 de diciembre, dirigida a ni\u00f1os de 3 a 12 a\u00f1os. La tem\u00e1tica general girar\u00e1 en torno a las diferentes tradiciones navide\u00f1as que existen alrededor del mundo, realizando talleres manuales y actividades l\u00fadicas relacionadas con el pa\u00eds a tratar.&nbsp;<\/p>\n\n\n\n<p>Asimismo con el fin de ofrecer alternativas de ocio saludable durante las vacaciones a los m\u00e1s j\u00f3venes, el Ayuntamiento ha organizado para los d\u00edas 26 y 27 de diciembre en el Centro de la Juventud la I Feria Gamer que, contar\u00e1 con PS4&#8217;s, Nintendos Switch, XBox One y puestos de Realidad Virtual.<\/p>\n\n\n\n<p>Tambi\u00e9n para la poblaci\u00f3n joven se ha organizado el III Torneo de Futbol Sala en las instalaciones del complejo deportivo, del 28 al 30 de diciembre.<\/p>\n\n\n\n<p>El programa de actividades se completa con la feria de Reyes del 2 al 8 de enero, una jornada infantil en la Plaza el 4 de enero y la cabalgata de Reyes por las calles de Benaguasil el 5 de enero.<\/p>\n","protected":false},"excerpt":{"rendered":"<div class=\"mh-excerpt\">El encendido de las luces navide\u00f1as dar\u00e1 el pistoletazo de salida a la Navidad. La programaci\u00f3n contempla actividades culturales, deportivas y de ocio. El Ayuntamiento de Benaguasil, a trav\u00e9s de la concejal\u00eda de Fiestas y <a class=\"mh-excerpt-more\" href=\"https:\/\/www.tucomarca.com\/wordpress\/segunda\/el-ayuntamiento-de-benaguasil-programa-numerosas-actividades-de-cara-a-la-navidad\/\" title=\"El Ayuntamiento de Benaguasil programa numerosas actividades de cara a la Navidad\">[+] <\/a><\/div>\n","protected":false},"author":12,"featured_media":173720,"comment_status":"open","ping_status":"open","sticky":false,"template":"","format":"standard","meta":{"footnotes":""},"categories":[4,172,46,8,7,3],"tags":[10429,10395,18451],"class_list":{"0":"post-173717","1":"post","2":"type-post","3":"status-publish","4":"format-standard","5":"has-post-thumbnail","7":"category-agenda","8":"category-benaguasil","9":"category-camp-de-turia","10":"category-la-comarca","11":"category-ocio-y-cultura","12":"category-seccion","13":"tag-benaguasil","14":"tag-camp-de-turia","15":"tag-navidad-2022"},"_links":{"self":[{"href":"https:\/\/www.tucomarca.com\/wordpress\/segunda\/wp-json\/wp\/v2\/posts\/173717","targetHints":{"allow":["GET"]}}],"collection":[{"href":"https:\/\/www.tucomarca.com\/wordpress\/segunda\/wp-json\/wp\/v2\/posts"}],"about":[{"href":"https:\/\/www.tucomarca.com\/wordpress\/segunda\/wp-json\/wp\/v2\/types\/post"}],"author":[{"embeddable":true,"href":"https:\/\/www.tucomarca.com\/wordpress\/segunda\/wp-json\/wp\/v2\/users\/12"}],"replies":[{"embeddable":true,"href":"https:\/\/www.tucomarca.com\/wordpress\/segunda\/wp-json\/wp\/v2\/comments?post=173717"}],"version-history":[{"count":0,"href":"https:\/\/www.tucomarca.com\/wordpress\/segunda\/wp-json\/wp\/v2\/posts\/173717\/revisions"}],"wp:featuredmedia":[{"embeddable":true,"href":"https:\/\/www.tucomarca.com\/wordpress\/segunda\/wp-json\/wp\/v2\/media\/173720"}],"wp:attachment":[{"href":"https:\/\/www.tucomarca.com\/wordpress\/segunda\/wp-json\/wp\/v2\/media?parent=173717"}],"wp:term":[{"taxonomy":"category","embeddable":true,"href":"https:\/\/www.tucomarca.com\/wordpress\/segunda\/wp-json\/wp\/v2\/categories?post=173717"},{"taxonomy":"post_tag","embeddable":true,"href":"https:\/\/www.tucomarca.com\/wordpress\/segunda\/wp-json\/wp\/v2\/tags?post=173717"}],"curies":[{"name":"wp","href":"https:\/\/api.w.org\/{rel}","templated":true}]}}