{"id":173876,"date":"2022-12-09T21:00:00","date_gmt":"2022-12-09T19:00:00","guid":{"rendered":"https:\/\/www.tucomarca.com\/wordpress\/segunda\/?p=173876"},"modified":"2022-12-11T23:52:50","modified_gmt":"2022-12-11T21:52:50","slug":"sanidad-notifica-19-fallecimientos-y-2-039-nuevos-casos-de-coronavirus-en-la-comunitat-valenciana-1-150-de-ellos-en-personas-mayores-de-60-anos","status":"publish","type":"post","link":"https:\/\/www.tucomarca.com\/wordpress\/segunda\/sanidad-notifica-19-fallecimientos-y-2-039-nuevos-casos-de-coronavirus-en-la-comunitat-valenciana-1-150-de-ellos-en-personas-mayores-de-60-anos\/","title":{"rendered":"Sanidad notifica 19 fallecimientos y 2.039 nuevos casos de coronavirus en la Comunitat Valenciana, 1.150 de ellos en personas mayores de 60 a\u00f1os"},"content":{"rendered":"\n<h4 class=\"wp-block-heading\">Los hospitales valencianos tienen 380 personas ingresadas por COVID, 15 de ellas en la UCI<\/h4>\n\n\n\n<p>La Conselleria de Sanidad Universal y Salud P\u00fablica ha notificado un total de 2.039 nuevos casos de coronavirus confirmados por prueba PCR o a trav\u00e9s de test de ant\u00edgenos desde la \u00faltima actualizaci\u00f3n el pasado viernes. Los nuevos casos por provincias son 356 en Castell\u00f3n (194.296 en total), 478 en Alicante (532.262 en total) y 1.205 en Valencia (847.100 en total).<\/p>\n\n\n\n<p>De ellos, 1.150 son de personas mayores de 60 a\u00f1os. Por provincias: 238 de Castell\u00f3n, 281 de Alicante y 631 de Valencia.<\/p>\n\n\n\n<p>Los hospitales valencianos tienen actualmente 380 personas ingresadas por COVID, 15 de ellas en la UCI: 48 en la provincia de Castell\u00f3n, 3 en UCI; 104 en la provincia de Alicante, 6 de ellas en la UCI, y 228 en la provincia de Valencia, 6 en UCI.<\/p>\n\n\n\n<p>Se han notificado 19 fallecimientos por coronavirus desde la \u00faltima actualizaci\u00f3n, todos con fecha de defunci\u00f3n en los \u00faltimos 10 d\u00edas. Se trata de 12 mujeres de entre 56 y 96 a\u00f1os, y 7 hombres de entre 76 y 96 a\u00f1os. El total de decesos desde el inicio de la pandemia asciende a 10.206: 1.220 en la provincia de Castell\u00f3n, 3.885 en la de Alicante y 5.101 en la de Valencia.<\/p>\n","protected":false},"excerpt":{"rendered":"<div class=\"mh-excerpt\">Los hospitales valencianos tienen 380 personas ingresadas por COVID, 15 de ellas en la UCI La Conselleria de Sanidad Universal y Salud P\u00fablica ha notificado un total de 2.039 nuevos casos de coronavirus confirmados por <a class=\"mh-excerpt-more\" href=\"https:\/\/www.tucomarca.com\/wordpress\/segunda\/sanidad-notifica-19-fallecimientos-y-2-039-nuevos-casos-de-coronavirus-en-la-comunitat-valenciana-1-150-de-ellos-en-personas-mayores-de-60-anos\/\" title=\"Sanidad notifica 19 fallecimientos y 2.039 nuevos casos de coronavirus en la Comunitat Valenciana, 1.150 de ellos en personas mayores de 60 a\u00f1os\">[+] <\/a><\/div>\n","protected":false},"author":12,"featured_media":138716,"comment_status":"open","ping_status":"open","sticky":false,"template":"","format":"standard","meta":{"footnotes":""},"categories":[119,12201,128,8,72,117,142,3,116],"tags":[10635,11937,11938,13475],"class_list":{"0":"post-173876","1":"post","2":"type-post","3":"status-publish","4":"format-standard","5":"has-post-thumbnail","7":"category-sanidad-la-comarca","8":"category-covid-19","9":"category-infraestructuras","10":"category-la-comarca","11":"category-sin-categorizar","12":"category-medio-ambiente-la-comarca","13":"category-politica-la-comarca","14":"category-seccion","15":"category-sucesos-la-comarca","16":"tag-conselleria-de-sanitat","17":"tag-coronavirus","18":"tag-covid-19","19":"tag-datos-de-contagios"},"_links":{"self":[{"href":"https:\/\/www.tucomarca.com\/wordpress\/segunda\/wp-json\/wp\/v2\/posts\/173876","targetHints":{"allow":["GET"]}}],"collection":[{"href":"https:\/\/www.tucomarca.com\/wordpress\/segunda\/wp-json\/wp\/v2\/posts"}],"about":[{"href":"https:\/\/www.tucomarca.com\/wordpress\/segunda\/wp-json\/wp\/v2\/types\/post"}],"author":[{"embeddable":true,"href":"https:\/\/www.tucomarca.com\/wordpress\/segunda\/wp-json\/wp\/v2\/users\/12"}],"replies":[{"embeddable":true,"href":"https:\/\/www.tucomarca.com\/wordpress\/segunda\/wp-json\/wp\/v2\/comments?post=173876"}],"version-history":[{"count":0,"href":"https:\/\/www.tucomarca.com\/wordpress\/segunda\/wp-json\/wp\/v2\/posts\/173876\/revisions"}],"wp:featuredmedia":[{"embeddable":true,"href":"https:\/\/www.tucomarca.com\/wordpress\/segunda\/wp-json\/wp\/v2\/media\/138716"}],"wp:attachment":[{"href":"https:\/\/www.tucomarca.com\/wordpress\/segunda\/wp-json\/wp\/v2\/media?parent=173876"}],"wp:term":[{"taxonomy":"category","embeddable":true,"href":"https:\/\/www.tucomarca.com\/wordpress\/segunda\/wp-json\/wp\/v2\/categories?post=173876"},{"taxonomy":"post_tag","embeddable":true,"href":"https:\/\/www.tucomarca.com\/wordpress\/segunda\/wp-json\/wp\/v2\/tags?post=173876"}],"curies":[{"name":"wp","href":"https:\/\/api.w.org\/{rel}","templated":true}]}}