{"id":174032,"date":"2022-12-14T12:01:00","date_gmt":"2022-12-14T10:01:00","guid":{"rendered":"https:\/\/www.tucomarca.com\/wordpress\/segunda\/?p=174032"},"modified":"2022-12-14T15:40:38","modified_gmt":"2022-12-14T13:40:38","slug":"hacienda-y-contratacion-del-ayuntamiento-de-bunol-recoge-las-propuestas-para-el-presupuesto-2023-de-pp-podemos-y-cc-oo-en-el-consejo-economico-y-social","status":"publish","type":"post","link":"https:\/\/www.tucomarca.com\/wordpress\/segunda\/hacienda-y-contratacion-del-ayuntamiento-de-bunol-recoge-las-propuestas-para-el-presupuesto-2023-de-pp-podemos-y-cc-oo-en-el-consejo-economico-y-social\/","title":{"rendered":"Hacienda y Contrataci\u00f3n del Ayuntamiento de Bu\u00f1ol recoge las propuestas para el Presupuesto 2023 de PP, Podemos y CC OO en el Consejo Econ\u00f3mico y Social"},"content":{"rendered":"\n<p>El Consejo Econ\u00f3mico y Social aprob\u00f3 ayer martes 13 de diciembre, con los votos favorables de los dos representantes de la UGT, los dos de CC.OO, adem\u00e1s del voto afirmativo del representante de la Asociaci\u00f3n de Empresarios y Aut\u00f3nomos, del PSOE, de IU y de Podemos, el presupuesto para 2023, que se llevar\u00e1 a plenario el pr\u00f3ximo martes 20 de diciembre a las 18:30h para su aprobaci\u00f3n. El representante del PP se abstuvo, mientras que el de IAB vot\u00f3 en contra.<\/p>\n\n\n\n<p>El concejal de Hacienda y Contrataci\u00f3n, acept\u00f3 la propuesta del representante del PP de incluir en la memoria del presupuesto la reforma integral de la pista polideportiva del pabell\u00f3n Pablo Cus\u00ed del Planell, para dar mayor seguridad a los usuarios de su ejecuci\u00f3n. Por parte de Podemos se pidi\u00f3 incluir a una nueva asociaci\u00f3n dentro de las subvenciones nominativas y desde CC.OO aumentar la partida destinada a emergencia social. Desde la concejal\u00eda de Hacienda y Contrataci\u00f3n se recogieron estas dos reivindicaciones, al considerarlas justas y responsables desde el punto de vista econ\u00f3mico.<\/p>\n\n\n\n<p>Desde Hacienda y Contrataci\u00f3n recuerdan que el consejo es consultivo y que la \u00faltima palabra para la aprobaci\u00f3n del presupuesto, la tiene el plenario, donde est\u00e1 representada la soberan\u00eda popular y en el que espera que la abstenci\u00f3n del PP y el voto en contra de IAB en este \u00f3rgano, se puedan transformar en un voto afirmativo, con las modificaciones que planteen en el debate sobre el mismo.<\/p>\n","protected":false},"excerpt":{"rendered":"<div class=\"mh-excerpt\">El Consejo Econ\u00f3mico y Social aprob\u00f3 ayer martes 13 de diciembre, con los votos favorables de los dos representantes de la UGT, los dos de CC.OO, adem\u00e1s del voto afirmativo del representante de la Asociaci\u00f3n <a class=\"mh-excerpt-more\" href=\"https:\/\/www.tucomarca.com\/wordpress\/segunda\/hacienda-y-contratacion-del-ayuntamiento-de-bunol-recoge-las-propuestas-para-el-presupuesto-2023-de-pp-podemos-y-cc-oo-en-el-consejo-economico-y-social\/\" title=\"Hacienda y Contrataci\u00f3n del Ayuntamiento de Bu\u00f1ol recoge las propuestas para el Presupuesto 2023 de PP, Podemos y CC OO en el Consejo Econ\u00f3mico y Social\">[+] <\/a><\/div>\n","protected":false},"author":12,"featured_media":126022,"comment_status":"open","ping_status":"open","sticky":false,"template":"","format":"standard","meta":{"footnotes":""},"categories":[18,128,8,10,142,3],"tags":[10385,13236,5952],"class_list":{"0":"post-174032","1":"post","2":"type-post","3":"status-publish","4":"format-standard","5":"has-post-thumbnail","7":"category-bunol","8":"category-infraestructuras","9":"category-la-comarca","10":"category-la-hoya","11":"category-politica-la-comarca","12":"category-seccion","13":"tag-bunol","14":"tag-consejo-economico-y-social","15":"tag-la-hoya-de-bunol-chiva"},"_links":{"self":[{"href":"https:\/\/www.tucomarca.com\/wordpress\/segunda\/wp-json\/wp\/v2\/posts\/174032","targetHints":{"allow":["GET"]}}],"collection":[{"href":"https:\/\/www.tucomarca.com\/wordpress\/segunda\/wp-json\/wp\/v2\/posts"}],"about":[{"href":"https:\/\/www.tucomarca.com\/wordpress\/segunda\/wp-json\/wp\/v2\/types\/post"}],"author":[{"embeddable":true,"href":"https:\/\/www.tucomarca.com\/wordpress\/segunda\/wp-json\/wp\/v2\/users\/12"}],"replies":[{"embeddable":true,"href":"https:\/\/www.tucomarca.com\/wordpress\/segunda\/wp-json\/wp\/v2\/comments?post=174032"}],"version-history":[{"count":0,"href":"https:\/\/www.tucomarca.com\/wordpress\/segunda\/wp-json\/wp\/v2\/posts\/174032\/revisions"}],"wp:featuredmedia":[{"embeddable":true,"href":"https:\/\/www.tucomarca.com\/wordpress\/segunda\/wp-json\/wp\/v2\/media\/126022"}],"wp:attachment":[{"href":"https:\/\/www.tucomarca.com\/wordpress\/segunda\/wp-json\/wp\/v2\/media?parent=174032"}],"wp:term":[{"taxonomy":"category","embeddable":true,"href":"https:\/\/www.tucomarca.com\/wordpress\/segunda\/wp-json\/wp\/v2\/categories?post=174032"},{"taxonomy":"post_tag","embeddable":true,"href":"https:\/\/www.tucomarca.com\/wordpress\/segunda\/wp-json\/wp\/v2\/tags?post=174032"}],"curies":[{"name":"wp","href":"https:\/\/api.w.org\/{rel}","templated":true}]}}