{"id":174052,"date":"2022-12-14T12:12:00","date_gmt":"2022-12-14T10:12:00","guid":{"rendered":"https:\/\/www.tucomarca.com\/wordpress\/segunda\/?p=174052"},"modified":"2022-12-14T15:58:56","modified_gmt":"2022-12-14T13:58:56","slug":"el-ayuntamiento-de-cheste-y-asmen-firman-un-convenio-para-el-fomento-del-empleo-local","status":"publish","type":"post","link":"https:\/\/www.tucomarca.com\/wordpress\/segunda\/el-ayuntamiento-de-cheste-y-asmen-firman-un-convenio-para-el-fomento-del-empleo-local\/","title":{"rendered":"El Ayuntamiento de Cheste y ASMEN firman un convenio para el fomento del empleo local"},"content":{"rendered":"\n<p>El alcalde de Cheste, Jos\u00e9 Morell, y el presidente de ASMEN Distribuci\u00f3n, Luis Frias, han firmado un convenio de colaboraci\u00f3n para que las nuevas ofertas de trabajo de dicha empresa, instalada en el Parque Empresarial Circuito de Cheste, se tramiten a trav\u00e9s de la Agencia de desarrollo local de Cheste.<\/p>\n\n\n\n<p>\u201cCon la implantaci\u00f3n de ASMEN en nuestro municipio se amplia la posibilidad de que las personas del pueblo puedan encontrar empleo en empresas de la localidad\u201d, ha apuntado Morell. \u201cEsta empresa est\u00e1 en constante crecimiento y tiene previsi\u00f3n de ver crecer su plantilla, por lo que con este convenio aumentamos la empleabilidad de los chestanos y chestanas\u201d.<\/p>\n\n\n\n<p>Por su parte, Frias ha manifestado que una de las primeras actuaciones a llevar a cabo desde la direcci\u00f3n de Asmen tras la instalaci\u00f3n de la empresa en el Parque Empresarial de Cheste era la firma de este convenio con el Ayuntamiento, \u201cpara que la poblaci\u00f3n del municipio pueda acceder a las ofertas de empleo que cree la empresa\u201d, ha declarado.<\/p>\n","protected":false},"excerpt":{"rendered":"<div class=\"mh-excerpt\">El alcalde de Cheste, Jos\u00e9 Morell, y el presidente de ASMEN Distribuci\u00f3n, Luis Frias, han firmado un convenio de colaboraci\u00f3n para que las nuevas ofertas de trabajo de dicha empresa, instalada en el Parque Empresarial <a class=\"mh-excerpt-more\" href=\"https:\/\/www.tucomarca.com\/wordpress\/segunda\/el-ayuntamiento-de-cheste-y-asmen-firman-un-convenio-para-el-fomento-del-empleo-local\/\" title=\"El Ayuntamiento de Cheste y ASMEN firman un convenio para el fomento del empleo local\">[+] <\/a><\/div>\n","protected":false},"author":12,"featured_media":174060,"comment_status":"open","ping_status":"open","sticky":false,"template":"","format":"standard","meta":{"footnotes":""},"categories":[17,128,8,10,142,3],"tags":[18486,339,5952],"class_list":{"0":"post-174052","1":"post","2":"type-post","3":"status-publish","4":"format-standard","5":"has-post-thumbnail","7":"category-cheste","8":"category-infraestructuras","9":"category-la-comarca","10":"category-la-hoya","11":"category-politica-la-comarca","12":"category-seccion","13":"tag-asmen","14":"tag-cheste-2","15":"tag-la-hoya-de-bunol-chiva"},"_links":{"self":[{"href":"https:\/\/www.tucomarca.com\/wordpress\/segunda\/wp-json\/wp\/v2\/posts\/174052","targetHints":{"allow":["GET"]}}],"collection":[{"href":"https:\/\/www.tucomarca.com\/wordpress\/segunda\/wp-json\/wp\/v2\/posts"}],"about":[{"href":"https:\/\/www.tucomarca.com\/wordpress\/segunda\/wp-json\/wp\/v2\/types\/post"}],"author":[{"embeddable":true,"href":"https:\/\/www.tucomarca.com\/wordpress\/segunda\/wp-json\/wp\/v2\/users\/12"}],"replies":[{"embeddable":true,"href":"https:\/\/www.tucomarca.com\/wordpress\/segunda\/wp-json\/wp\/v2\/comments?post=174052"}],"version-history":[{"count":0,"href":"https:\/\/www.tucomarca.com\/wordpress\/segunda\/wp-json\/wp\/v2\/posts\/174052\/revisions"}],"wp:featuredmedia":[{"embeddable":true,"href":"https:\/\/www.tucomarca.com\/wordpress\/segunda\/wp-json\/wp\/v2\/media\/174060"}],"wp:attachment":[{"href":"https:\/\/www.tucomarca.com\/wordpress\/segunda\/wp-json\/wp\/v2\/media?parent=174052"}],"wp:term":[{"taxonomy":"category","embeddable":true,"href":"https:\/\/www.tucomarca.com\/wordpress\/segunda\/wp-json\/wp\/v2\/categories?post=174052"},{"taxonomy":"post_tag","embeddable":true,"href":"https:\/\/www.tucomarca.com\/wordpress\/segunda\/wp-json\/wp\/v2\/tags?post=174052"}],"curies":[{"name":"wp","href":"https:\/\/api.w.org\/{rel}","templated":true}]}}