{"id":174118,"date":"2022-12-15T10:10:00","date_gmt":"2022-12-15T08:10:00","guid":{"rendered":"https:\/\/www.tucomarca.com\/wordpress\/segunda\/?p=174118"},"modified":"2022-12-15T23:00:31","modified_gmt":"2022-12-15T21:00:31","slug":"la-sala-raga-del-molino-galan-de-bunol-alberga-la-presentacion-oficial-del-documental-de-los-35-anos-de-construccion-del-auditorio-de-san-luis","status":"publish","type":"post","link":"https:\/\/www.tucomarca.com\/wordpress\/segunda\/la-sala-raga-del-molino-galan-de-bunol-alberga-la-presentacion-oficial-del-documental-de-los-35-anos-de-construccion-del-auditorio-de-san-luis\/","title":{"rendered":"La Sala Raga del Molino Gal\u00e1n de Bu\u00f1ol alberga la presentaci\u00f3n oficial del documental de los 35 a\u00f1os de construcci\u00f3n del Auditorio de San Luis\u00a0"},"content":{"rendered":"\n<h4 class=\"wp-block-heading\">Con un aforo completo y presencia de todos los que han participado en el documental se proyect\u00f3 la cinta recibiendo unas cr\u00edticas inmejorables.<\/h4>\n\n\n\n<figure class=\"wp-block-gallery has-nested-images columns-default is-cropped wp-block-gallery-1 is-layout-flex wp-block-gallery-is-layout-flex\">\n<figure class=\"wp-block-image size-large\"><img loading=\"lazy\" decoding=\"async\" width=\"709\" height=\"399\" data-id=\"174120\" src=\"https:\/\/www.tucomarca.com\/wordpress\/segunda\/wp-content\/uploads\/2022\/12\/35anyosAuditorio.jpg\" alt=\"\" class=\"wp-image-174120\" srcset=\"https:\/\/www.tucomarca.com\/wordpress\/segunda\/wp-content\/uploads\/2022\/12\/35anyosAuditorio.jpg 709w, https:\/\/www.tucomarca.com\/wordpress\/segunda\/wp-content\/uploads\/2022\/12\/35anyosAuditorio-300x169.jpg 300w, https:\/\/www.tucomarca.com\/wordpress\/segunda\/wp-content\/uploads\/2022\/12\/35anyosAuditorio-678x381.jpg 678w\" sizes=\"auto, (max-width: 709px) 100vw, 709px\" \/><\/figure>\n\n\n\n<figure class=\"wp-block-image size-large\"><img loading=\"lazy\" decoding=\"async\" width=\"709\" height=\"399\" data-id=\"174124\" src=\"https:\/\/www.tucomarca.com\/wordpress\/segunda\/wp-content\/uploads\/2022\/12\/35anyosAuditorio3.jpg\" alt=\"\" class=\"wp-image-174124\" srcset=\"https:\/\/www.tucomarca.com\/wordpress\/segunda\/wp-content\/uploads\/2022\/12\/35anyosAuditorio3.jpg 709w, https:\/\/www.tucomarca.com\/wordpress\/segunda\/wp-content\/uploads\/2022\/12\/35anyosAuditorio3-300x169.jpg 300w, https:\/\/www.tucomarca.com\/wordpress\/segunda\/wp-content\/uploads\/2022\/12\/35anyosAuditorio3-678x381.jpg 678w\" sizes=\"auto, (max-width: 709px) 100vw, 709px\" \/><\/figure>\n<\/figure>\n\n\n\n<p>La concejal\u00eda de Comunicaci\u00f3n del Ayuntamiento de Bu\u00f1ol present\u00f3 ayer el documental \u201cCosas nuestras\u201d \u2013 <em>35 a\u00f1os del Auditorio Municipal de San Luis<\/em> en la Sala Raga del Molino Gal\u00e1n. Este trabajo audiovisual ha sido confeccionado desde el principio hasta el final por el equipo de Radio Bu\u00f1ol TV.&nbsp;<\/p>\n\n\n\n<p>Tras un ingente trabajo de documentaci\u00f3n y entrevistas coordinado por la periodista de Radio Bu\u00f1ol TV, Pilar Criado, todos ya pueden disfrutar del trabajo audiovisual que refleja y detalla c\u00f3mo fue su construcci\u00f3n, su legado y el futuro que le depara. Todos los que han formado parte de este documental, profesionales de la radio municipal, familiares, amigos y enamorados de esta infraestructura y de la m\u00fasica de bandas estuvieron presentes en la presentaci\u00f3n.&nbsp;<\/p>\n\n\n\n<p>Manuel Sierra, concejal de Comunicaci\u00f3n del Ayuntamiento de Bu\u00f1ol, junto con la periodista que ha coordinado este documental, Pilar Criado, agradecieron la presencia de todos en la Sala Raga, adem\u00e1s de contar la elaboraci\u00f3n y trabajo de dicho documental, que con tanto gusto y mimo se ha realizado. Aunque con escasos medios pero con un excelente trabajo final. Ahora ya todos pueden disfrutar de \u00e9l tantas veces como lo deseen como documento hist\u00f3rico de todo lo que aconteci\u00f3 en esos a\u00f1os y de la realidad de un auditorio al aire libre que es la envidia de todos los municipios y ciudades espa\u00f1olas. En el canal de Youtube de Radio Bu\u00f1ol TV pueden verlo. La duraci\u00f3n es de una hora.&nbsp;<\/p>\n","protected":false},"excerpt":{"rendered":"<div class=\"mh-excerpt\">Con un aforo completo y presencia de todos los que han participado en el documental se proyect\u00f3 la cinta recibiendo unas cr\u00edticas inmejorables. La concejal\u00eda de Comunicaci\u00f3n del Ayuntamiento de Bu\u00f1ol present\u00f3 ayer el documental <a class=\"mh-excerpt-more\" href=\"https:\/\/www.tucomarca.com\/wordpress\/segunda\/la-sala-raga-del-molino-galan-de-bunol-alberga-la-presentacion-oficial-del-documental-de-los-35-anos-de-construccion-del-auditorio-de-san-luis\/\" title=\"La Sala Raga del Molino Gal\u00e1n de Bu\u00f1ol alberga la presentaci\u00f3n oficial del documental de los 35 a\u00f1os de construcci\u00f3n del Auditorio de San Luis\u00a0\">[+] <\/a><\/div>\n","protected":false},"author":12,"featured_media":174122,"comment_status":"open","ping_status":"open","sticky":false,"template":"","format":"standard","meta":{"footnotes":""},"categories":[18,128,8,10,142,3],"tags":[18491,10385,5952],"class_list":{"0":"post-174118","1":"post","2":"type-post","3":"status-publish","4":"format-standard","5":"has-post-thumbnail","7":"category-bunol","8":"category-infraestructuras","9":"category-la-comarca","10":"category-la-hoya","11":"category-politica-la-comarca","12":"category-seccion","13":"tag-35-anos-del-auditorio-municipal","14":"tag-bunol","15":"tag-la-hoya-de-bunol-chiva"},"_links":{"self":[{"href":"https:\/\/www.tucomarca.com\/wordpress\/segunda\/wp-json\/wp\/v2\/posts\/174118","targetHints":{"allow":["GET"]}}],"collection":[{"href":"https:\/\/www.tucomarca.com\/wordpress\/segunda\/wp-json\/wp\/v2\/posts"}],"about":[{"href":"https:\/\/www.tucomarca.com\/wordpress\/segunda\/wp-json\/wp\/v2\/types\/post"}],"author":[{"embeddable":true,"href":"https:\/\/www.tucomarca.com\/wordpress\/segunda\/wp-json\/wp\/v2\/users\/12"}],"replies":[{"embeddable":true,"href":"https:\/\/www.tucomarca.com\/wordpress\/segunda\/wp-json\/wp\/v2\/comments?post=174118"}],"version-history":[{"count":0,"href":"https:\/\/www.tucomarca.com\/wordpress\/segunda\/wp-json\/wp\/v2\/posts\/174118\/revisions"}],"wp:featuredmedia":[{"embeddable":true,"href":"https:\/\/www.tucomarca.com\/wordpress\/segunda\/wp-json\/wp\/v2\/media\/174122"}],"wp:attachment":[{"href":"https:\/\/www.tucomarca.com\/wordpress\/segunda\/wp-json\/wp\/v2\/media?parent=174118"}],"wp:term":[{"taxonomy":"category","embeddable":true,"href":"https:\/\/www.tucomarca.com\/wordpress\/segunda\/wp-json\/wp\/v2\/categories?post=174118"},{"taxonomy":"post_tag","embeddable":true,"href":"https:\/\/www.tucomarca.com\/wordpress\/segunda\/wp-json\/wp\/v2\/tags?post=174118"}],"curies":[{"name":"wp","href":"https:\/\/api.w.org\/{rel}","templated":true}]}}