{"id":174180,"date":"2022-12-16T09:00:00","date_gmt":"2022-12-16T07:00:00","guid":{"rendered":"https:\/\/www.tucomarca.com\/wordpress\/segunda\/?p=174180"},"modified":"2022-12-16T21:39:52","modified_gmt":"2022-12-16T19:39:52","slug":"setenta-asociados-participan-en-la-primera-sesion-de-trabajo-entre-amic-y-google","status":"publish","type":"post","link":"https:\/\/www.tucomarca.com\/wordpress\/segunda\/setenta-asociados-participan-en-la-primera-sesion-de-trabajo-entre-amic-y-google\/","title":{"rendered":"Setenta asociados participan en la primera sesi\u00f3n de trabajo entre AMIC y Google"},"content":{"rendered":"\n<h4 class=\"wp-block-heading\">El acto ha sido dirigido a los editores y redactores de los medios de informaci\u00f3n asociados al AMIC<\/h4>\n\n\n\n<figure class=\"wp-block-image size-full\"><img loading=\"lazy\" decoding=\"async\" width=\"886\" height=\"665\" src=\"https:\/\/www.tucomarca.com\/wordpress\/segunda\/wp-content\/uploads\/2022\/12\/AMIC_Google1.jpg\" alt=\"\" class=\"wp-image-174183\" srcset=\"https:\/\/www.tucomarca.com\/wordpress\/segunda\/wp-content\/uploads\/2022\/12\/AMIC_Google1.jpg 886w, https:\/\/www.tucomarca.com\/wordpress\/segunda\/wp-content\/uploads\/2022\/12\/AMIC_Google1-300x225.jpg 300w, https:\/\/www.tucomarca.com\/wordpress\/segunda\/wp-content\/uploads\/2022\/12\/AMIC_Google1-768x576.jpg 768w, https:\/\/www.tucomarca.com\/wordpress\/segunda\/wp-content\/uploads\/2022\/12\/AMIC_Google1-678x509.jpg 678w, https:\/\/www.tucomarca.com\/wordpress\/segunda\/wp-content\/uploads\/2022\/12\/AMIC_Google1-326x245.jpg 326w, https:\/\/www.tucomarca.com\/wordpress\/segunda\/wp-content\/uploads\/2022\/12\/AMIC_Google1-80x60.jpg 80w\" sizes=\"auto, (max-width: 886px) 100vw, 886px\" \/><\/figure>\n\n\n\n<p>La primera sesi\u00f3n de trabajo entre el AMIC y Google, organizada por la Asociaci\u00f3n, con el apoyo del Departamento de Presidencia de la Generalitat de Catalu\u00f1a y con la colaboraci\u00f3n de la Fundaci\u00f3n .CAT y la Fundaci\u00f3n \u201cLa Caixa\u201d, ha contado con la participaci\u00f3n de setenta editores y redactores del medios asociados al AMIC, esta ma\u00f1ana 15 de diciembre en el Auditorio del Colegio de Arquitectos de Catalu\u00f1a.<\/p>\n\n\n\n<p>AMIC y Google han iniciado con esta primera sesi\u00f3n de trabajo una colaboraci\u00f3n que tiene el prop\u00f3sito de establecer una relaci\u00f3n m\u00e1s estrecha para dar respuesta en los cambios en el escenario europeo, la entrada en vigor de la nueva directiva sobre contenidos digitales, entre otros.<\/p>\n\n\n\n<p>El secretario general del AMIC, Josep Ritort, ha sido el encargado de presentar el acontecimiento y ha destacado que \u201ca trav\u00e9s de estos encuentros tenemos que buscar f\u00f3rmulas o acuerdos con Google para mejorar todos, los medios de proximidad, los tem\u00e1ticos, poniendo especial \u00e9nfasis en los medios de habla catalana a Internet\u201d.<\/p>\n\n\n\n<p>Adem\u00e1s ha a\u00f1adido, en palabras del presidente del AMIC, Ramon Grau, \u201cesta actividad con Google es una muestra m\u00e1s de la voluntad del AMIC para establecer acuerdos de colaboraci\u00f3n con los agentes principales del ecosistema digital. Tener una v\u00eda directa de comunicaci\u00f3n con esta corporaci\u00f3n tecnol\u00f3gica es fundamental para dar respuesta a las necesidades de sus asociados y a la vez poder continuar innovando en el sector de la prensa de proximidad y trabajar por una mejor presencia de la lengua catalana en estas plataformas digitales\u201d.<\/p>\n\n\n\n<p>A continuaci\u00f3n ha empezado la sesi\u00f3n, la cual ha ido a cargo de Luis Collado, director s\u00e9nior de Google Spain y responsable de los acuerdos con los medios informativos, el cual ha compartido con los asociados del AMIC de qu\u00e9 manera Google trabaja con las noticias y como sus productos quieren dar respuesta a las necesidades de la prensa de proximidad. As\u00ed mismo, ha analizado el nuevo marco legislativo europeo y la manera en que impactar\u00e1 en los medios digitales.<\/p>\n\n\n\n<p>El ponente ha remarcado que Google es una ventana para que los usuarios accedan a los contenidos. \u201cNo somos editores, ni creadores. La plataforma es el intermediario entre los medios y el consumidor\u201d. Subrayado que actualmente \u201cm\u00e1s del 80% del consumo de informaci\u00f3n se hace a trav\u00e9s del m\u00f3vil y esto supone un cambio muy importante en la hora de generar el contenido, distribuirlo y mejorar la experiencia de usuario\u201d.<\/p>\n\n\n\n<p>Por otro lado, tambi\u00e9n ha explicado los principales factores que afectan la relevancia de los diferentes productos de Google como son: la relevancia, ubicaci\u00f3n, prominencia, autoridad, actualidad, usabilidad, intereses del usuario. Unos criterios, tal como ha afirmado el ponente, \u201cb\u00e1sicos, pero los cuales se tienen que tener en cuenta en la hora de crear un contenido\u201d. Y ha remarcado la penalizaci\u00f3n de contenidos dentro del buscador a causa del pescaclics, enlaces rotos, original, branded contento, desinformaci\u00f3n, etc.<\/p>\n\n\n\n<p>Entre los productos de Google y sus posibilidades encontramos Google Discover un buscador personalizado, visual e interactivo y Google News, dividido entre cuatro secciones. El buscador actualmente prioriza las noticias locales, las cuales aunque tengan una dimensi\u00f3n menos global, se los intenta dar relevancia a las noticias pr\u00f3ximas al usuario.&nbsp;<\/p>\n\n\n\n<p>Para finalizar, Collado ha expuesto el nuevo marco regulador, el cual viene marcado por la directiva de Copyright, la cual indica que las plataformas digitales o redes sociales, como Google, no pueden mostrar los contenidos sin tener autorizaci\u00f3n previa por parte del editor. Y si no se tiene, solo puede utilizar la URL o el que denomina contenido no relevante o poco significativos. A causa de la legislaci\u00f3n espa\u00f1ola, Google est\u00e1 trabajando con el esquema, y el primer trimestre del a\u00f1o pr\u00f3ximo se trasladar\u00e1 a los editores para dar a conocer como impacto este nuevo marco regulador a sus contenidos.<\/p>\n","protected":false},"excerpt":{"rendered":"<div class=\"mh-excerpt\">El acto ha sido dirigido a los editores y redactores de los medios de informaci\u00f3n asociados al AMIC La primera sesi\u00f3n de trabajo entre el AMIC y Google, organizada por la Asociaci\u00f3n, con el apoyo <a class=\"mh-excerpt-more\" href=\"https:\/\/www.tucomarca.com\/wordpress\/segunda\/setenta-asociados-participan-en-la-primera-sesion-de-trabajo-entre-amic-y-google\/\" title=\"Setenta asociados participan en la primera sesi\u00f3n de trabajo entre AMIC y Google\">[+] <\/a><\/div>\n","protected":false},"author":12,"featured_media":174185,"comment_status":"open","ping_status":"open","sticky":false,"template":"","format":"standard","meta":{"footnotes":""},"categories":[128,8,72,7,3],"tags":[16380,18503,18504],"class_list":{"0":"post-174180","1":"post","2":"type-post","3":"status-publish","4":"format-standard","5":"has-post-thumbnail","7":"category-infraestructuras","8":"category-la-comarca","9":"category-sin-categorizar","10":"category-ocio-y-cultura","11":"category-seccion","12":"tag-amic","13":"tag-google","14":"tag-sesion-de-trabajo"},"_links":{"self":[{"href":"https:\/\/www.tucomarca.com\/wordpress\/segunda\/wp-json\/wp\/v2\/posts\/174180","targetHints":{"allow":["GET"]}}],"collection":[{"href":"https:\/\/www.tucomarca.com\/wordpress\/segunda\/wp-json\/wp\/v2\/posts"}],"about":[{"href":"https:\/\/www.tucomarca.com\/wordpress\/segunda\/wp-json\/wp\/v2\/types\/post"}],"author":[{"embeddable":true,"href":"https:\/\/www.tucomarca.com\/wordpress\/segunda\/wp-json\/wp\/v2\/users\/12"}],"replies":[{"embeddable":true,"href":"https:\/\/www.tucomarca.com\/wordpress\/segunda\/wp-json\/wp\/v2\/comments?post=174180"}],"version-history":[{"count":0,"href":"https:\/\/www.tucomarca.com\/wordpress\/segunda\/wp-json\/wp\/v2\/posts\/174180\/revisions"}],"wp:featuredmedia":[{"embeddable":true,"href":"https:\/\/www.tucomarca.com\/wordpress\/segunda\/wp-json\/wp\/v2\/media\/174185"}],"wp:attachment":[{"href":"https:\/\/www.tucomarca.com\/wordpress\/segunda\/wp-json\/wp\/v2\/media?parent=174180"}],"wp:term":[{"taxonomy":"category","embeddable":true,"href":"https:\/\/www.tucomarca.com\/wordpress\/segunda\/wp-json\/wp\/v2\/categories?post=174180"},{"taxonomy":"post_tag","embeddable":true,"href":"https:\/\/www.tucomarca.com\/wordpress\/segunda\/wp-json\/wp\/v2\/tags?post=174180"}],"curies":[{"name":"wp","href":"https:\/\/api.w.org\/{rel}","templated":true}]}}