{"id":174289,"date":"2022-12-19T13:00:00","date_gmt":"2022-12-19T11:00:00","guid":{"rendered":"https:\/\/www.tucomarca.com\/wordpress\/segunda\/?p=174289"},"modified":"2022-12-19T15:42:00","modified_gmt":"2022-12-19T13:42:00","slug":"la-diputacio-inicia-las-obras-de-mejora-de-la-seguridad-en-carreteras-de-la-hoya-de-bunol-la-serrania-y-la-ribera","status":"publish","type":"post","link":"https:\/\/www.tucomarca.com\/wordpress\/segunda\/la-diputacio-inicia-las-obras-de-mejora-de-la-seguridad-en-carreteras-de-la-hoya-de-bunol-la-serrania-y-la-ribera\/","title":{"rendered":"La Diputaci\u00f3 inicia las obras de mejora de la seguridad en carreteras de La Hoya de Bu\u00f1ol, La Serran\u00eda y La Ribera"},"content":{"rendered":"\n<h4 class=\"wp-block-heading\">El proyecto puesto en marcha por el \u00e1rea de Carreteras de la corporaci\u00f3n contempla la renovaci\u00f3n del firme de la CV-425 y de la CV-381, en la demarcaci\u00f3n de Bu\u00f1ol, y de la CV-541, en Tous<\/h4>\n\n\n\n<h4 class=\"wp-block-heading\">Los trabajos tienen una duraci\u00f3n estimada de seis meses y cuentan con un presupuesto total de 2,1 millones de euros<\/h4>\n\n\n\n<p>La Diputaci\u00f3 de Val\u00e8ncia ha iniciado las obras para renovar y mejorar el firme de un total de tres carreteras pertenecientes a las comarcas de La Hoya de Bu\u00f1ol, La Serran\u00eda y La Ribera. Se trata de la CV-425 a su paso por los t\u00e9rminos municipales de Macastre, Y\u00e1tova y Dos Aguas (Hoya de Bu\u00f1ol); la CV-381 que recorre los municipios de Chiva, Cheste (Hoya de Bu\u00f1ol) y Gestalgar (La Serran\u00eda); y la CV-541, en la localidad de Tous (La Ribera Alta).<\/p>\n\n\n\n<p>Los trabajos proyectados por el \u00e1rea de Infraestructuras que dirige Rafa Garc\u00eda se centran en mejorar y reforzar el firme, llevar a cabo la limpieza de las cunetas y en la instalaci\u00f3n de nuevas barreras de seguridad y se\u00f1ales tanto verticales como horizontales. Lo que se pretende con este proyecto es incrementar la seguridad del tr\u00e1fico en las diferentes v\u00edas objeto de actuaci\u00f3n. El presupuesto total de las obras asciende a los 2,1 millones de euros, y cuentan con un plazo estimado de ejecuci\u00f3n de seis meses.<\/p>\n\n\n\n<p>Para reforzar los firmes se emplear\u00e1 asfalto no convencional y de poco espesor con el objetivo de mejorar los procesos de fabricaci\u00f3n y puesta en obra, reduciendo emisiones de CO\u2082 y transporte, y aumentando a su vez su vida \u00fatil.<\/p>\n\n\n\n<p>Adem\u00e1s de esta renovaci\u00f3n, en la CV-425 se va a mejorar el acceso a la urbanizaci\u00f3n de la fuente del Mico en Alborache. Para ello, se va a proceder a la sustituci\u00f3n de la actual intersecci\u00f3n por otra semi-giratoria cerrada, con carril central de espera en sentido Bu\u00f1ol, con el fin de facilitar el giro a la izquierda para incorporarse a la urbanizaci\u00f3n por cualquiera de los dos caminos que dan acceso a la misma. En sentido Alborache, se ha dispuesto un carril de salida a la derecha para resolver la incorporaci\u00f3n a la urbanizaci\u00f3n desde la carretera.<\/p>\n","protected":false},"excerpt":{"rendered":"<div class=\"mh-excerpt\">El proyecto puesto en marcha por el \u00e1rea de Carreteras de la corporaci\u00f3n contempla la renovaci\u00f3n del firme de la CV-425 y de la CV-381, en la demarcaci\u00f3n de Bu\u00f1ol, y de la CV-541, en <a class=\"mh-excerpt-more\" href=\"https:\/\/www.tucomarca.com\/wordpress\/segunda\/la-diputacio-inicia-las-obras-de-mejora-de-la-seguridad-en-carreteras-de-la-hoya-de-bunol-la-serrania-y-la-ribera\/\" title=\"La Diputaci\u00f3 inicia las obras de mejora de la seguridad en carreteras de La Hoya de Bu\u00f1ol, La Serran\u00eda y La Ribera\">[+] <\/a><\/div>\n","protected":false},"author":12,"featured_media":86456,"comment_status":"open","ping_status":"open","sticky":false,"template":"","format":"standard","meta":{"footnotes":""},"categories":[128,8,10,42,59,142,3,45],"tags":[3677,5952,689,3912],"class_list":{"0":"post-174289","1":"post","2":"type-post","3":"status-publish","4":"format-standard","5":"has-post-thumbnail","7":"category-infraestructuras","8":"category-la-comarca","9":"category-la-hoya","10":"category-la-ribera","11":"category-los-serranos","12":"category-politica-la-comarca","13":"category-seccion","14":"category-ventana","15":"tag-diputacio-de-valencia","16":"tag-la-hoya-de-bunol-chiva","17":"tag-la-ribera-2","18":"tag-la-serrania"},"_links":{"self":[{"href":"https:\/\/www.tucomarca.com\/wordpress\/segunda\/wp-json\/wp\/v2\/posts\/174289","targetHints":{"allow":["GET"]}}],"collection":[{"href":"https:\/\/www.tucomarca.com\/wordpress\/segunda\/wp-json\/wp\/v2\/posts"}],"about":[{"href":"https:\/\/www.tucomarca.com\/wordpress\/segunda\/wp-json\/wp\/v2\/types\/post"}],"author":[{"embeddable":true,"href":"https:\/\/www.tucomarca.com\/wordpress\/segunda\/wp-json\/wp\/v2\/users\/12"}],"replies":[{"embeddable":true,"href":"https:\/\/www.tucomarca.com\/wordpress\/segunda\/wp-json\/wp\/v2\/comments?post=174289"}],"version-history":[{"count":0,"href":"https:\/\/www.tucomarca.com\/wordpress\/segunda\/wp-json\/wp\/v2\/posts\/174289\/revisions"}],"wp:featuredmedia":[{"embeddable":true,"href":"https:\/\/www.tucomarca.com\/wordpress\/segunda\/wp-json\/wp\/v2\/media\/86456"}],"wp:attachment":[{"href":"https:\/\/www.tucomarca.com\/wordpress\/segunda\/wp-json\/wp\/v2\/media?parent=174289"}],"wp:term":[{"taxonomy":"category","embeddable":true,"href":"https:\/\/www.tucomarca.com\/wordpress\/segunda\/wp-json\/wp\/v2\/categories?post=174289"},{"taxonomy":"post_tag","embeddable":true,"href":"https:\/\/www.tucomarca.com\/wordpress\/segunda\/wp-json\/wp\/v2\/tags?post=174289"}],"curies":[{"name":"wp","href":"https:\/\/api.w.org\/{rel}","templated":true}]}}