{"id":174312,"date":"2022-12-16T20:00:00","date_gmt":"2022-12-16T18:00:00","guid":{"rendered":"https:\/\/www.tucomarca.com\/wordpress\/segunda\/?p=174312"},"modified":"2022-12-19T19:44:17","modified_gmt":"2022-12-19T17:44:17","slug":"sanidad-notifica-23-fallecimientos-y-1-777-nuevos-casos-de-coronavirus-en-la-comunitat-valenciana-927-de-ellos-en-personas-mayores-de-60-anos","status":"publish","type":"post","link":"https:\/\/www.tucomarca.com\/wordpress\/segunda\/sanidad-notifica-23-fallecimientos-y-1-777-nuevos-casos-de-coronavirus-en-la-comunitat-valenciana-927-de-ellos-en-personas-mayores-de-60-anos\/","title":{"rendered":"Sanidad notifica 23 fallecimientos y 1.777 nuevos casos de coronavirus en la Comunitat Valenciana, 927 de ellos en personas mayores de 60 a\u00f1os"},"content":{"rendered":"\n<h3 class=\"wp-block-heading\"><strong>Los hospitales valencianos tienen 372 personas ingresadas por COVID, 18 de ellas en la UCI<\/strong><\/h3>\n\n\n\n<p>La Conselleria de Sanidad Universal y Salud P\u00fablica ha notificado un total de 1.777 nuevos casos de coronavirus confirmados por prueba PCR o a trav\u00e9s de test de ant\u00edgenos desde la \u00faltima actualizaci\u00f3n el pasado viernes. Los nuevos casos por provincias son 286 en Castell\u00f3n (194.582 en total), 445 en Alicante (532.707 en total) y 1.046 en Valencia (848.146 en total).<\/p>\n\n\n\n<p>De ellos, 927 son de personas mayores de 60 a\u00f1os. Por provincias: 160 de Castell\u00f3n, 247 de Alicante y 520 de Valencia.<\/p>\n\n\n\n<p>Los hospitales valencianos tienen actualmente 372 personas ingresadas por COVID, 18 de ellas en la UCI: 48 en la provincia de Castell\u00f3n, 2 en UCI; 109 en la provincia de Alicante, 9 de ellas en la UCI, y 215 en la provincia de Valencia, 7 en UCI.<\/p>\n\n\n\n<p>Se han notificado 23 fallecimientos por coronavirus desde la \u00faltima actualizaci\u00f3n, todos con fecha de defunci\u00f3n en los \u00faltimos 10 d\u00edas. Se trata de 12 mujeres de entre 68 y 98 a\u00f1os, y 11 hombres de entre 24 y 98 a\u00f1os. El total de decesos desde el inicio de la pandemia asciende a 10.229: 1.224 en la provincia de Castell\u00f3n, 3.891 en la de Alicante y 5.114 en la de Valencia.<\/p>\n","protected":false},"excerpt":{"rendered":"<div class=\"mh-excerpt\">Los hospitales valencianos tienen 372 personas ingresadas por COVID, 18 de ellas en la UCI La Conselleria de Sanidad Universal y Salud P\u00fablica ha notificado un total de 1.777 nuevos casos de coronavirus confirmados por <a class=\"mh-excerpt-more\" href=\"https:\/\/www.tucomarca.com\/wordpress\/segunda\/sanidad-notifica-23-fallecimientos-y-1-777-nuevos-casos-de-coronavirus-en-la-comunitat-valenciana-927-de-ellos-en-personas-mayores-de-60-anos\/\" title=\"Sanidad notifica 23 fallecimientos y 1.777 nuevos casos de coronavirus en la Comunitat Valenciana, 927 de ellos en personas mayores de 60 a\u00f1os\">[+] <\/a><\/div>\n","protected":false},"author":1,"featured_media":148065,"comment_status":"open","ping_status":"open","sticky":false,"template":"","format":"standard","meta":{"footnotes":""},"categories":[119,12201,128,8,72,117,142,3,116],"tags":[11937,11938,2142],"class_list":{"0":"post-174312","1":"post","2":"type-post","3":"status-publish","4":"format-standard","5":"has-post-thumbnail","7":"category-sanidad-la-comarca","8":"category-covid-19","9":"category-infraestructuras","10":"category-la-comarca","11":"category-sin-categorizar","12":"category-medio-ambiente-la-comarca","13":"category-politica-la-comarca","14":"category-seccion","15":"category-sucesos-la-comarca","16":"tag-coronavirus","17":"tag-covid-19","18":"tag-la-comunitat"},"_links":{"self":[{"href":"https:\/\/www.tucomarca.com\/wordpress\/segunda\/wp-json\/wp\/v2\/posts\/174312","targetHints":{"allow":["GET"]}}],"collection":[{"href":"https:\/\/www.tucomarca.com\/wordpress\/segunda\/wp-json\/wp\/v2\/posts"}],"about":[{"href":"https:\/\/www.tucomarca.com\/wordpress\/segunda\/wp-json\/wp\/v2\/types\/post"}],"author":[{"embeddable":true,"href":"https:\/\/www.tucomarca.com\/wordpress\/segunda\/wp-json\/wp\/v2\/users\/1"}],"replies":[{"embeddable":true,"href":"https:\/\/www.tucomarca.com\/wordpress\/segunda\/wp-json\/wp\/v2\/comments?post=174312"}],"version-history":[{"count":0,"href":"https:\/\/www.tucomarca.com\/wordpress\/segunda\/wp-json\/wp\/v2\/posts\/174312\/revisions"}],"wp:featuredmedia":[{"embeddable":true,"href":"https:\/\/www.tucomarca.com\/wordpress\/segunda\/wp-json\/wp\/v2\/media\/148065"}],"wp:attachment":[{"href":"https:\/\/www.tucomarca.com\/wordpress\/segunda\/wp-json\/wp\/v2\/media?parent=174312"}],"wp:term":[{"taxonomy":"category","embeddable":true,"href":"https:\/\/www.tucomarca.com\/wordpress\/segunda\/wp-json\/wp\/v2\/categories?post=174312"},{"taxonomy":"post_tag","embeddable":true,"href":"https:\/\/www.tucomarca.com\/wordpress\/segunda\/wp-json\/wp\/v2\/tags?post=174312"}],"curies":[{"name":"wp","href":"https:\/\/api.w.org\/{rel}","templated":true}]}}