{"id":1747,"date":"2012-05-15T09:30:23","date_gmt":"2012-05-15T08:30:23","guid":{"rendered":"http:\/\/www.tucomarca.com\/wordpress\/segunda\/?p=1747"},"modified":"2012-05-15T20:31:50","modified_gmt":"2012-05-15T19:31:50","slug":"un-total-de-300-ciclistas-participan-en-la-primera-marcha-de-btt-de-cofrentes","status":"publish","type":"post","link":"https:\/\/www.tucomarca.com\/wordpress\/segunda\/un-total-de-300-ciclistas-participan-en-la-primera-marcha-de-btt-de-cofrentes\/","title":{"rendered":"Un total de 300 ciclistas participan en la primera marcha de BTT de Cofrentes"},"content":{"rendered":"<p>Un total de 301 ciclistas participaron el pasado s\u00e1bado en <a href=\"http:\/\/www.cofrentes.es\" target=\"_blank\">Cofrentes<\/a> en la I Marcha BTT, con un recorrido de 43,5 kil\u00f3metros que discurri\u00f3  por buena parte de la comarca y que aprovech\u00f3 varias de las rutas  creadas hace unos meses para el Centro BTT de Cofrentes, tal como han informado fuentesdel consistorio local.<\/p>\n<p>El mejor tiempo en la marcha fue para el biker de Ayora Jos\u00e9 Mart\u00ednez  Castillo, que cumpliment\u00f3 el recorrido en 1 hora 49 minutos y 55  segundos. Tras \u00e9l lleg\u00f3 Pablo Albert, con 1 hora 51 minutos 28 segundos,  y Daniel Pujol con 1 horas 52 minutos y 30 segundos.\u00a0 El \u00faltimo  clasificado invirti\u00f3 4 horas y 38 minutos.<\/p>\n<p>La prueba mezclaba tres de las rutas del Centro BTT de Cofrentes, un  recorrido mixto, con pistas asfaltadas, caminos de tierra, sendas,  trialeras y varias zonas rompepiernas que fraccionaron la marcha en  varios grupos desde los primeros compases, con rampas de hasta el 20% de  desnivel.<\/p>\n<p>Los participantes alabaron la organizaci\u00f3n de la prueba, a cargo del  Ayuntamiento de Cofrentes y el Club BTT Rustikbike, y la labor realizada  por Protecci\u00f3n Civil y voluntarios en la se\u00f1alizaci\u00f3n. La nota curiosa y que todo el mundo comentaba al finalizar la prueba, como han destacado fuentesdel consistorio local, fue  el grupo de tambores y batukada de la Asociaci\u00f3n Aeku; justo antes de  la llegada frente al consistorio de Cofrentes hab\u00eda una rampa de poco  m\u00e1s de apenas unos cientos de metros pero superior al 20% de desnivel y  la organizaci\u00f3n hab\u00eda colocado estos tambores y batukada en este tramo  para animar a superarlo a los participantes. Todos se mostraron  sorprendidos por esta nota original de la marcha.<\/p>\n<p>Las altas temperaturas fueron la nota predominante, y los bikes  agradecieron los estrat\u00e9gicos puntos de avituallamiento de la  organizaci\u00f3n. En la marcha participaron Fernando Escart\u00edn, ciclista que lleg\u00f3 a subir  al p\u00f3dium del Tour de Francia, y Nuria Lauco, campeona en dos ediciones  de la Titan Desert y actual campeona de Pedals de Foc.<\/p>\n","protected":false},"excerpt":{"rendered":"<div class=\"mh-excerpt\">Un total de 301 ciclistas participaron el pasado s\u00e1bado en Cofrentes en la I Marcha BTT, con un recorrido de 43,5 kil\u00f3metros que discurri\u00f3 por buena parte de la comarca y que aprovech\u00f3 varias de <a class=\"mh-excerpt-more\" href=\"https:\/\/www.tucomarca.com\/wordpress\/segunda\/un-total-de-300-ciclistas-participan-en-la-primera-marcha-de-btt-de-cofrentes\/\" title=\"Un total de 300 ciclistas participan en la primera marcha de BTT de Cofrentes\">[+] <\/a><\/div>\n","protected":false},"author":1,"featured_media":1748,"comment_status":"open","ping_status":"open","sticky":false,"template":"","format":"standard","meta":{"footnotes":""},"categories":[38,173,41,6,3],"tags":[],"class_list":{"0":"post-1747","1":"post","2":"type-post","3":"status-publish","4":"format-standard","5":"has-post-thumbnail","7":"category-ayora-cofrentes","8":"category-ciclismo","9":"category-cofrentes","10":"category-deportes","11":"category-seccion"},"_links":{"self":[{"href":"https:\/\/www.tucomarca.com\/wordpress\/segunda\/wp-json\/wp\/v2\/posts\/1747","targetHints":{"allow":["GET"]}}],"collection":[{"href":"https:\/\/www.tucomarca.com\/wordpress\/segunda\/wp-json\/wp\/v2\/posts"}],"about":[{"href":"https:\/\/www.tucomarca.com\/wordpress\/segunda\/wp-json\/wp\/v2\/types\/post"}],"author":[{"embeddable":true,"href":"https:\/\/www.tucomarca.com\/wordpress\/segunda\/wp-json\/wp\/v2\/users\/1"}],"replies":[{"embeddable":true,"href":"https:\/\/www.tucomarca.com\/wordpress\/segunda\/wp-json\/wp\/v2\/comments?post=1747"}],"version-history":[{"count":0,"href":"https:\/\/www.tucomarca.com\/wordpress\/segunda\/wp-json\/wp\/v2\/posts\/1747\/revisions"}],"wp:featuredmedia":[{"embeddable":true,"href":"https:\/\/www.tucomarca.com\/wordpress\/segunda\/wp-json\/wp\/v2\/media\/1748"}],"wp:attachment":[{"href":"https:\/\/www.tucomarca.com\/wordpress\/segunda\/wp-json\/wp\/v2\/media?parent=1747"}],"wp:term":[{"taxonomy":"category","embeddable":true,"href":"https:\/\/www.tucomarca.com\/wordpress\/segunda\/wp-json\/wp\/v2\/categories?post=1747"},{"taxonomy":"post_tag","embeddable":true,"href":"https:\/\/www.tucomarca.com\/wordpress\/segunda\/wp-json\/wp\/v2\/tags?post=1747"}],"curies":[{"name":"wp","href":"https:\/\/api.w.org\/{rel}","templated":true}]}}