{"id":17476,"date":"2013-08-23T18:47:17","date_gmt":"2013-08-23T15:47:17","guid":{"rendered":"http:\/\/www.tucomarca.com\/wordpress\/segunda\/?p=17476"},"modified":"2013-08-23T18:47:17","modified_gmt":"2013-08-23T15:47:17","slug":"retransmision-en-directo-de-la-presentacion-de-la-plantilla-del-cd-bunol-desde-el-beltran-baguena","status":"publish","type":"post","link":"https:\/\/www.tucomarca.com\/wordpress\/segunda\/retransmision-en-directo-de-la-presentacion-de-la-plantilla-del-cd-bunol-desde-el-beltran-baguena\/","title":{"rendered":"Retransmisi\u00f3n en directo de la presentaci\u00f3n de la plantilla del CD Bu\u00f1ol desde el Beltr\u00e1n B\u00e1guena"},"content":{"rendered":"<p>No os perd\u00e1is la retransmisi\u00f3n en directo a trav\u00e9s de\u00a0<strong>tucomarca televisi\u00f3n<\/strong> de la presentaci\u00f3n de la plantilla del CD Bu\u00f1ol para la temporada 2013-2014, a partir de las 18,30 horas de este viernes, 23 de agosto de 2013.<\/p>\n<p>Entra en nuestro canal de directos, haz click<a title=\"Canal de tucomarca televisi\u00f3n\" href=\"http:\/\/www.ustream.tv\/channel\/tucomarca-com\"> aqu\u00ed<\/a>:<\/p>\n<p>&nbsp;<\/p>\n","protected":false},"excerpt":{"rendered":"<div class=\"mh-excerpt\">No os perd\u00e1is la retransmisi\u00f3n en directo a trav\u00e9s de\u00a0tucomarca televisi\u00f3n de la presentaci\u00f3n de la plantilla del CD Bu\u00f1ol para la temporada 2013-2014, a partir de las 18,30 horas de este viernes, 23 de <a class=\"mh-excerpt-more\" href=\"https:\/\/www.tucomarca.com\/wordpress\/segunda\/retransmision-en-directo-de-la-presentacion-de-la-plantilla-del-cd-bunol-desde-el-beltran-baguena\/\" title=\"Retransmisi\u00f3n en directo de la presentaci\u00f3n de la plantilla del CD Bu\u00f1ol desde el Beltr\u00e1n B\u00e1guena\">[+] <\/a><\/div>\n","protected":false},"author":1,"featured_media":0,"comment_status":"open","ping_status":"open","sticky":false,"template":"","format":"standard","meta":{"footnotes":""},"categories":[18,6,10,3],"tags":[],"class_list":{"0":"post-17476","1":"post","2":"type-post","3":"status-publish","4":"format-standard","6":"category-bunol","7":"category-deportes","8":"category-la-hoya","9":"category-seccion"},"_links":{"self":[{"href":"https:\/\/www.tucomarca.com\/wordpress\/segunda\/wp-json\/wp\/v2\/posts\/17476","targetHints":{"allow":["GET"]}}],"collection":[{"href":"https:\/\/www.tucomarca.com\/wordpress\/segunda\/wp-json\/wp\/v2\/posts"}],"about":[{"href":"https:\/\/www.tucomarca.com\/wordpress\/segunda\/wp-json\/wp\/v2\/types\/post"}],"author":[{"embeddable":true,"href":"https:\/\/www.tucomarca.com\/wordpress\/segunda\/wp-json\/wp\/v2\/users\/1"}],"replies":[{"embeddable":true,"href":"https:\/\/www.tucomarca.com\/wordpress\/segunda\/wp-json\/wp\/v2\/comments?post=17476"}],"version-history":[{"count":0,"href":"https:\/\/www.tucomarca.com\/wordpress\/segunda\/wp-json\/wp\/v2\/posts\/17476\/revisions"}],"wp:attachment":[{"href":"https:\/\/www.tucomarca.com\/wordpress\/segunda\/wp-json\/wp\/v2\/media?parent=17476"}],"wp:term":[{"taxonomy":"category","embeddable":true,"href":"https:\/\/www.tucomarca.com\/wordpress\/segunda\/wp-json\/wp\/v2\/categories?post=17476"},{"taxonomy":"post_tag","embeddable":true,"href":"https:\/\/www.tucomarca.com\/wordpress\/segunda\/wp-json\/wp\/v2\/tags?post=17476"}],"curies":[{"name":"wp","href":"https:\/\/api.w.org\/{rel}","templated":true}]}}