{"id":17483,"date":"2013-08-23T21:31:49","date_gmt":"2013-08-23T18:31:49","guid":{"rendered":"http:\/\/www.tucomarca.com\/wordpress\/segunda\/?p=17483"},"modified":"2013-08-23T21:36:47","modified_gmt":"2013-08-23T18:36:47","slug":"entrevista-al-mister-del-cd-bunol-miguel-a-carinena-previa-a-la-presentacion-del-equipo-2013-2014","status":"publish","type":"post","link":"https:\/\/www.tucomarca.com\/wordpress\/segunda\/entrevista-al-mister-del-cd-bunol-miguel-a-carinena-previa-a-la-presentacion-del-equipo-2013-2014\/","title":{"rendered":"V\u00eddeo: Entrevista al m\u00edster del CD Bu\u00f1ol, Miguel A. Cari\u00f1ena, previa a la presentaci\u00f3n del equipo 2013-2014"},"content":{"rendered":"<p>Aqu\u00ed os dejamos la entrevista al m\u00edster del CD Bu\u00f1ol, Miguel \u00c1ngel Cari\u00f1ena, previa a la presentaci\u00f3n de la plantilla del club para la temporada 2013-2014.<\/p>\n<p>&nbsp;<\/p>\n","protected":false},"excerpt":{"rendered":"<div class=\"mh-excerpt\">Aqu\u00ed os dejamos la entrevista al m\u00edster del CD Bu\u00f1ol, Miguel \u00c1ngel Cari\u00f1ena, previa a la presentaci\u00f3n de la plantilla del club para la temporada 2013-2014. &nbsp;<\/div>\n","protected":false},"author":1,"featured_media":0,"comment_status":"open","ping_status":"open","sticky":false,"template":"","format":"standard","meta":{"footnotes":""},"categories":[18,50,6,10,3,26],"tags":[],"class_list":{"0":"post-17483","1":"post","2":"type-post","3":"status-publish","4":"format-standard","6":"category-bunol","7":"category-futbol-deportes","8":"category-deportes","9":"category-la-hoya","10":"category-seccion","11":"category-video"},"_links":{"self":[{"href":"https:\/\/www.tucomarca.com\/wordpress\/segunda\/wp-json\/wp\/v2\/posts\/17483","targetHints":{"allow":["GET"]}}],"collection":[{"href":"https:\/\/www.tucomarca.com\/wordpress\/segunda\/wp-json\/wp\/v2\/posts"}],"about":[{"href":"https:\/\/www.tucomarca.com\/wordpress\/segunda\/wp-json\/wp\/v2\/types\/post"}],"author":[{"embeddable":true,"href":"https:\/\/www.tucomarca.com\/wordpress\/segunda\/wp-json\/wp\/v2\/users\/1"}],"replies":[{"embeddable":true,"href":"https:\/\/www.tucomarca.com\/wordpress\/segunda\/wp-json\/wp\/v2\/comments?post=17483"}],"version-history":[{"count":0,"href":"https:\/\/www.tucomarca.com\/wordpress\/segunda\/wp-json\/wp\/v2\/posts\/17483\/revisions"}],"wp:attachment":[{"href":"https:\/\/www.tucomarca.com\/wordpress\/segunda\/wp-json\/wp\/v2\/media?parent=17483"}],"wp:term":[{"taxonomy":"category","embeddable":true,"href":"https:\/\/www.tucomarca.com\/wordpress\/segunda\/wp-json\/wp\/v2\/categories?post=17483"},{"taxonomy":"post_tag","embeddable":true,"href":"https:\/\/www.tucomarca.com\/wordpress\/segunda\/wp-json\/wp\/v2\/tags?post=17483"}],"curies":[{"name":"wp","href":"https:\/\/api.w.org\/{rel}","templated":true}]}}