{"id":174837,"date":"2022-12-27T10:00:00","date_gmt":"2022-12-27T08:00:00","guid":{"rendered":"https:\/\/www.tucomarca.com\/wordpress\/segunda\/?p=174837"},"modified":"2022-12-27T16:35:12","modified_gmt":"2022-12-27T14:35:12","slug":"el-departamento-de-salud-de-manises-recoge-mas-de-3-000-euros-que-destinara-a-obras-sociales-por-navidad","status":"publish","type":"post","link":"https:\/\/www.tucomarca.com\/wordpress\/segunda\/el-departamento-de-salud-de-manises-recoge-mas-de-3-000-euros-que-destinara-a-obras-sociales-por-navidad\/","title":{"rendered":"<strong>El Departamento de Salud de Manises recoge m\u00e1s de 3.000 euros que destinar\u00e1 a obras sociales por Navidad<\/strong>"},"content":{"rendered":"\n<h4 class=\"wp-block-heading\">Desde que se puso en marcha esta iniciativa en 2011, el \u00c1rea de Salud ha recogido m\u00e1s de 42.800\u20ac para iniciativas sociales&nbsp;<\/h4>\n\n\n\n<h4 class=\"wp-block-heading\">La donaci\u00f3n se entrega a C\u00e1ritas, quien lo reparte en forma de alimentos a familias de los municipios del Departamento de Salud<\/h4>\n\n\n\n<p>El Departamento de Salud de Manises ha recogido un total de 3.000<strong>&nbsp;<\/strong>euros que destinar\u00e1 a obras sociales por Navidad. Este importe corresponde al dinero recogido en distintas acciones sociales promovidas por el \u00e1rea de salud en su tradicional campa\u00f1a del&nbsp;<em>\u00c1rbol Solidario.&nbsp;<\/em>Adem\u00e1s, este a\u00f1o ha recogido alimentos no perecederos, juguetes y libros infantiles gracias a la colaboraci\u00f3n de pacientes, visitantes y empleados.&nbsp;<\/p>\n\n\n\n<p>Y es que, esta campa\u00f1a, que lleva m\u00e1s de 10 a\u00f1os en marcha, ha logrado que el Departamento de Salud de Manises haya donado ya m\u00e1s 42.800\u20ac<strong>&nbsp;<\/strong>euros a las personas m\u00e1s necesitadas de su entorno. Seg\u00fan explica el gerente del Departamento de Salud de Manises, el Dr. Ricardo Trujillo, \u201cesta campa\u00f1a navide\u00f1a representa la prioridad que tenemos en el \u00e1rea sanitaria por cuidar de la salud de las personas, siendo las circunstancias sociales de nuestro entorno un aspecto fundamental de su salud\u201d.<\/p>\n\n\n\n<p>Estas Navidades, por segundo a\u00f1o consecutivo, los profesionales del \u00e1rea sanitaria han tenido la oportunidad de donar voluntariamente el importe de sus cestas de navidad, y as\u00ed lo han hecho muchos de ellos en el marco de esta campa\u00f1a solidaria.&nbsp;<\/p>\n\n\n\n<p>La donaci\u00f3n de todo lo recaudado se ha entregado a C\u00e1ritas del Barrio del Cristo, Manises, Cheste y Bu\u00f1ol a trav\u00e9s de la Asociaci\u00f3n de Voluntarios de Manises y el resto de los colaboradores. La entidad social es la encargada de repartir los alimentos y juguetes entre las familias m\u00e1s desfavorecidas de los municipios del Departamento de Salud de Manises.<\/p>\n\n\n\n<p>El gerente del Hospital de Manises, Ricardo Trujillo, ha agradecido a todos \u201clos que han contribuido con esta iniciativa solidaria que ha ayudado a las personas m\u00e1s necesitadas\u201d. La iniciativa&nbsp;<em>\u00c1rbol Solidario&nbsp;<\/em>se ha organizado juntamente con el Ayuntamiento de Manises y el de Bu\u00f1ol.<\/p>\n","protected":false},"excerpt":{"rendered":"<div class=\"mh-excerpt\">Desde que se puso en marcha esta iniciativa en 2011, el \u00c1rea de Salud ha recogido m\u00e1s de 42.800\u20ac para iniciativas sociales&nbsp; La donaci\u00f3n se entrega a C\u00e1ritas, quien lo reparte en forma de alimentos <a class=\"mh-excerpt-more\" href=\"https:\/\/www.tucomarca.com\/wordpress\/segunda\/el-departamento-de-salud-de-manises-recoge-mas-de-3-000-euros-que-destinara-a-obras-sociales-por-navidad\/\" title=\"El Departamento de Salud de Manises recoge m\u00e1s de 3.000 euros que destinar\u00e1 a obras sociales por Navidad\">[+] <\/a><\/div>\n","protected":false},"author":12,"featured_media":174842,"comment_status":"open","ping_status":"open","sticky":false,"template":"","format":"standard","meta":{"footnotes":""},"categories":[19,18,46,119,17,16,14,128,8,10,42,178,13,182,3,43,11],"tags":[11478,136,5952],"class_list":{"0":"post-174837","1":"post","2":"type-post","3":"status-publish","4":"format-standard","5":"has-post-thumbnail","7":"category-alborache","8":"category-bunol","9":"category-camp-de-turia","10":"category-sanidad-la-comarca","11":"category-cheste","12":"category-chiva","13":"category-godelleta","14":"category-infraestructuras","15":"category-la-comarca","16":"category-la-hoya","17":"category-la-ribera","18":"category-loriguilla","19":"category-macastre","20":"category-riba-roja","21":"category-seccion","22":"category-turis","23":"category-yatova","24":"tag-departamento-de-salud-de-manises","25":"tag-hospital-de-manises","26":"tag-la-hoya-de-bunol-chiva"},"_links":{"self":[{"href":"https:\/\/www.tucomarca.com\/wordpress\/segunda\/wp-json\/wp\/v2\/posts\/174837","targetHints":{"allow":["GET"]}}],"collection":[{"href":"https:\/\/www.tucomarca.com\/wordpress\/segunda\/wp-json\/wp\/v2\/posts"}],"about":[{"href":"https:\/\/www.tucomarca.com\/wordpress\/segunda\/wp-json\/wp\/v2\/types\/post"}],"author":[{"embeddable":true,"href":"https:\/\/www.tucomarca.com\/wordpress\/segunda\/wp-json\/wp\/v2\/users\/12"}],"replies":[{"embeddable":true,"href":"https:\/\/www.tucomarca.com\/wordpress\/segunda\/wp-json\/wp\/v2\/comments?post=174837"}],"version-history":[{"count":0,"href":"https:\/\/www.tucomarca.com\/wordpress\/segunda\/wp-json\/wp\/v2\/posts\/174837\/revisions"}],"wp:featuredmedia":[{"embeddable":true,"href":"https:\/\/www.tucomarca.com\/wordpress\/segunda\/wp-json\/wp\/v2\/media\/174842"}],"wp:attachment":[{"href":"https:\/\/www.tucomarca.com\/wordpress\/segunda\/wp-json\/wp\/v2\/media?parent=174837"}],"wp:term":[{"taxonomy":"category","embeddable":true,"href":"https:\/\/www.tucomarca.com\/wordpress\/segunda\/wp-json\/wp\/v2\/categories?post=174837"},{"taxonomy":"post_tag","embeddable":true,"href":"https:\/\/www.tucomarca.com\/wordpress\/segunda\/wp-json\/wp\/v2\/tags?post=174837"}],"curies":[{"name":"wp","href":"https:\/\/api.w.org\/{rel}","templated":true}]}}