{"id":174855,"date":"2022-12-27T18:00:00","date_gmt":"2022-12-27T16:00:00","guid":{"rendered":"https:\/\/www.tucomarca.com\/wordpress\/segunda\/?p=174855"},"modified":"2022-12-27T21:46:10","modified_gmt":"2022-12-27T19:46:10","slug":"el-consorcio-valencia-interior-aprueba-su-presupuesto-correspondiente-para-2023-por-mas-de-23-millones-de-euros","status":"publish","type":"post","link":"https:\/\/www.tucomarca.com\/wordpress\/segunda\/el-consorcio-valencia-interior-aprueba-su-presupuesto-correspondiente-para-2023-por-mas-de-23-millones-de-euros\/","title":{"rendered":"<strong>El Consorcio Valencia Interior aprueba su presupuesto correspondiente para 2023 por m\u00e1s de 23 millones de euros<\/strong>"},"content":{"rendered":"\n<h4 class=\"wp-block-heading\">El incremento general de los precios y la evoluci\u00f3n de la generaci\u00f3n de residuos conllevan un aumento en el coste de los servicios a prestar<\/h4>\n\n\n\n<p>La Asamblea General del Consorcio Valencia Interior (CVI) ha aprobado hoy los presupuestos econ\u00f3micos para 2023, con los que se prev\u00e9n unos gastos de 23.111.789\u20ac euros para la gesti\u00f3n de los residuos de los 61 municipios consorciados de cinco comarcas del interior de la provincia de Val\u00e8ncia: Camp de T\u00faria, la Hoya de Bu\u00f1ol- Chiva, la Serran\u00eda, la plana de Utiel Requena y el Rinc\u00f3n de Ademuz.&nbsp;<\/p>\n\n\n\n<p>Esta cantidad supone un 11% m\u00e1s de lo presupuestado en el ejercicio anterior para gestionar la red de puntos limpios y tratar adecuadamente los residuos generados en los hogares del \u00e1rea que ocupa el 50% de la provincia de Valencia. Este incremento se explica por el ascenso que han experimentado los precios del servicio, al aumentar el coste de la energ\u00eda y el Eur\u00edbor, junto con una subida de las cantidades tratadas, en particular las provenientes del \u00e1rea de gesti\u00f3n vecina V5.&nbsp;<\/p>\n\n\n\n<p>El incremento en los costes determinado por la situaci\u00f3n general de inflaci\u00f3n se ha visto compensado parcialmente por los ingresos derivados del tratamiento de residuos de otras \u00e1reas de gesti\u00f3n, que permite repartir los costes de amortizaci\u00f3n de las instalaciones, con lo que el incremento esperado en la tasa que financia el servicio quedar\u00e1 en un 5,5%, por debajo del aumento del coste de la vida en los \u00faltimos meses.&nbsp;<\/p>\n\n\n\n<p>El encuentro, que se ha celebrado en el aula ambiental de la planta de tratamiento de residuos de Ll\u00edria, tambi\u00e9n ha servido para hacer un balance de los datos m\u00e1s relevantes de la gesti\u00f3n del consorcio. Durante el periodo 2019-2021 se increment\u00f3 un 47% la recogida separada en los ecoparques y se situ\u00f3 a la red de ecoparques del CVI como la segunda mejor de toda la comunidad aut\u00f3noma.&nbsp;<\/p>\n\n\n\n<p>Durante el acto, se han ratificado, tras el proceso de tr\u00e1mite de audiencia e informaci\u00f3n p\u00fablica, dos acuerdos adoptados en la anterior reuni\u00f3n de la Asamblea, la modificaci\u00f3n del contrato adjudicado en 2007 para adecuar los costes de transporte entre ecoparques al volumen real de residuos gestionados, y la incorporaci\u00f3n de bonificaciones en la tasa por la participaci\u00f3n en programas de recogida individualizada y autocompostaje.&nbsp;<\/p>\n\n\n\n<p><strong>Bonificaci\u00f3n compostaje dom\u00e9stico<\/strong><\/p>\n\n\n\n<p>Este \u00faltimo acuerdo ha supuesto la modificaci\u00f3n de la Ordenanza Reguladora de la Tasa de Servicios Ambientales, que adem\u00e1s de las ventajas de mi Cuenta Ambiental por participar en la recogida de la red de Ecoparques,&nbsp; ahora incluye una bonificaci\u00f3n m\u00ednima de 9 euros por recibo a los participantes en el programa de compostaje dom\u00e9stico del CVI a trav\u00e9s de la APP EcoCompostaje, as\u00ed como a las personas que participen en alg\u00fan proyecto de recogida separada municipal con identificaci\u00f3n y registro de aportaciones.<\/p>\n\n\n\n<p>En la asamblea tambi\u00e9n se ha dado cuenta de los correspondientes informes de control de morosidad y de periodo medio de pago de los \u00faltimos trimestres en cumplimiento de la normativa.&nbsp;<\/p>\n","protected":false},"excerpt":{"rendered":"<div class=\"mh-excerpt\">El incremento general de los precios y la evoluci\u00f3n de la generaci\u00f3n de residuos conllevan un aumento en el coste de los servicios a prestar La Asamblea General del Consorcio Valencia Interior (CVI) ha aprobado <a class=\"mh-excerpt-more\" href=\"https:\/\/www.tucomarca.com\/wordpress\/segunda\/el-consorcio-valencia-interior-aprueba-su-presupuesto-correspondiente-para-2023-por-mas-de-23-millones-de-euros\/\" title=\"El Consorcio Valencia Interior aprueba su presupuesto correspondiente para 2023 por m\u00e1s de 23 millones de euros\">[+] <\/a><\/div>\n","protected":false},"author":12,"featured_media":174857,"comment_status":"open","ping_status":"open","sticky":false,"template":"","format":"standard","meta":{"footnotes":""},"categories":[49,38,46,128,8,72,10,59,117,142,27,3,45],"tags":[10395,5952,3912,10387,1318],"class_list":{"0":"post-174855","1":"post","2":"type-post","3":"status-publish","4":"format-standard","5":"has-post-thumbnail","7":"category-ademuz","8":"category-ayora-cofrentes","9":"category-camp-de-turia","10":"category-infraestructuras","11":"category-la-comarca","12":"category-sin-categorizar","13":"category-la-hoya","14":"category-los-serranos","15":"category-medio-ambiente-la-comarca","16":"category-politica-la-comarca","17":"category-requena-utiel","18":"category-seccion","19":"category-ventana","20":"tag-camp-de-turia","21":"tag-la-hoya-de-bunol-chiva","22":"tag-la-serrania","23":"tag-requena-utiel","24":"tag-rincon-de-ademuz"},"_links":{"self":[{"href":"https:\/\/www.tucomarca.com\/wordpress\/segunda\/wp-json\/wp\/v2\/posts\/174855","targetHints":{"allow":["GET"]}}],"collection":[{"href":"https:\/\/www.tucomarca.com\/wordpress\/segunda\/wp-json\/wp\/v2\/posts"}],"about":[{"href":"https:\/\/www.tucomarca.com\/wordpress\/segunda\/wp-json\/wp\/v2\/types\/post"}],"author":[{"embeddable":true,"href":"https:\/\/www.tucomarca.com\/wordpress\/segunda\/wp-json\/wp\/v2\/users\/12"}],"replies":[{"embeddable":true,"href":"https:\/\/www.tucomarca.com\/wordpress\/segunda\/wp-json\/wp\/v2\/comments?post=174855"}],"version-history":[{"count":0,"href":"https:\/\/www.tucomarca.com\/wordpress\/segunda\/wp-json\/wp\/v2\/posts\/174855\/revisions"}],"wp:featuredmedia":[{"embeddable":true,"href":"https:\/\/www.tucomarca.com\/wordpress\/segunda\/wp-json\/wp\/v2\/media\/174857"}],"wp:attachment":[{"href":"https:\/\/www.tucomarca.com\/wordpress\/segunda\/wp-json\/wp\/v2\/media?parent=174855"}],"wp:term":[{"taxonomy":"category","embeddable":true,"href":"https:\/\/www.tucomarca.com\/wordpress\/segunda\/wp-json\/wp\/v2\/categories?post=174855"},{"taxonomy":"post_tag","embeddable":true,"href":"https:\/\/www.tucomarca.com\/wordpress\/segunda\/wp-json\/wp\/v2\/tags?post=174855"}],"curies":[{"name":"wp","href":"https:\/\/api.w.org\/{rel}","templated":true}]}}