{"id":174914,"date":"2022-12-28T12:00:00","date_gmt":"2022-12-28T10:00:00","guid":{"rendered":"https:\/\/www.tucomarca.com\/wordpress\/segunda\/?p=174914"},"modified":"2022-12-28T23:07:08","modified_gmt":"2022-12-28T21:07:08","slug":"la-diputacio-inicia-las-obras-de-mejora-en-varias-carreteras-de-camp-de-turia-lhorta-y-la-serrania","status":"publish","type":"post","link":"https:\/\/www.tucomarca.com\/wordpress\/segunda\/la-diputacio-inicia-las-obras-de-mejora-en-varias-carreteras-de-camp-de-turia-lhorta-y-la-serrania\/","title":{"rendered":"La Diputaci\u00f3 inicia las obras de mejora en varias carreteras de Camp de T\u00faria, L\u2019Horta y La Serran\u00eda"},"content":{"rendered":"\n<h4 class=\"wp-block-heading\">El \u00e1rea de Carreteras de la corporaci\u00f3n proyecta reforzar el firme de las carreteras CV-310 entre N\u00e1quera y Serra, la CV-413 (Pla de Quart) entre Torrent y Aldaia, y la CV-339 que va de Ll\u00edria a Alcublas<\/h4>\n\n\n\n<h4 class=\"wp-block-heading\">El conjunto de los trabajos cuenta con un presupuesto de dos millones de euros y un plazo de ejecuci\u00f3n de cinco meses<\/h4>\n\n\n\n<p>La Diputaci\u00f3 de Val\u00e8ncia ha dado comienzo a las obras que va a llevar a cabo en un total de tres carreteras pertenecientes a las comarcas de Camp de T\u00faria, L\u2019Horta y La Serran\u00eda. En concreto, el \u00e1rea de Carreteras que dirige el diputado Rafa Garc\u00eda, va a realizar actuaciones en la CV-310 entre N\u00e1quera y Serra, la CV-413 (Carretera del Pla de Quart) entre Torrent y Aldaia, y la CV-339 que va de Ll\u00edria a Alcublas.<\/p>\n\n\n\n<p>El objetivo de la corporaci\u00f3n provincial con estos tres proyectos es mejorar la seguridad del tr\u00e1fico en estas carreteras mediante el refuerzo del firme, la instalaci\u00f3n de nuevas barreras de seguridad, y una mayor se\u00f1alizaci\u00f3n vertical y horizontal. El presupuesto total supera los dos millones de euros y el plazo de ejecuci\u00f3n estimado es de cinco meses.<\/p>\n\n\n\n<p>De este modo, en la CV-310 las obras se desarrollar\u00e1n entre la ronda de N\u00e1quera y el final de la traves\u00eda de Serra. Se prev\u00e9 la reparaci\u00f3n de las zonas m\u00e1s deterioradas y la posterior pavimentaci\u00f3n de todo el tramo. Adem\u00e1s, se proceder\u00e1 a la reposici\u00f3n de pasos peatonales sobreelevados y reductores de velocidad. La inversi\u00f3n en esta actuaci\u00f3n asciende a los 430.000 euros.<\/p>\n\n\n\n<p>En cuanto a los trabajos en la Carretera del Pla de Quart (CV-413), consistir\u00e1n asimismo en la reparaci\u00f3n y reforzamiento del firme y su consiguiente pavimentaci\u00f3n. La actuaci\u00f3n tambi\u00e9n contempla la mejora del firme en el tramo de la conexi\u00f3n entre la carretera CV-413 con la CV-36, debido al deterioro sufrido por esta v\u00eda por el paso de veh\u00edculos pesados, as\u00ed como la renovaci\u00f3n del sistema de contenci\u00f3n en la estructura sobre el Barranco dels Cavalls. El desembolso en este caso es de 890.000 euros.<\/p>\n\n\n\n<p>Por \u00faltimo, el proyecto de mejora de la CV-339, que va de Ll\u00edria a Alcublas, se centra igualmente en la reparaci\u00f3n y repavimentaci\u00f3n de la calzada, para lo cual hay previsto un presupuesto de 710.000 euros.<\/p>\n\n\n\n<p>Hay que destacar que en las tres actuaciones se emplear\u00e1n asfaltos no convencionales, de espesor reducido y altas prestaciones, con el objetivo de optimizar los procesos de fabricaci\u00f3n y puesta en obra, reduciendo las emisiones de CO2 y las necesidades de transporte, aumentando a su vez la vida \u00fatil del firme de las carreteras.<\/p>\n","protected":false},"excerpt":{"rendered":"<div class=\"mh-excerpt\">El \u00e1rea de Carreteras de la corporaci\u00f3n proyecta reforzar el firme de las carreteras CV-310 entre N\u00e1quera y Serra, la CV-413 (Pla de Quart) entre Torrent y Aldaia, y la CV-339 que va de Ll\u00edria <a class=\"mh-excerpt-more\" href=\"https:\/\/www.tucomarca.com\/wordpress\/segunda\/la-diputacio-inicia-las-obras-de-mejora-en-varias-carreteras-de-camp-de-turia-lhorta-y-la-serrania\/\" title=\"La Diputaci\u00f3 inicia las obras de mejora en varias carreteras de Camp de T\u00faria, L\u2019Horta y La Serran\u00eda\">[+] <\/a><\/div>\n","protected":false},"author":12,"featured_media":174916,"comment_status":"open","ping_status":"open","sticky":false,"template":"","format":"standard","meta":{"footnotes":""},"categories":[46,128,8,59,142,3,45],"tags":[10395,516,3677,3912],"class_list":{"0":"post-174914","1":"post","2":"type-post","3":"status-publish","4":"format-standard","5":"has-post-thumbnail","7":"category-camp-de-turia","8":"category-infraestructuras","9":"category-la-comarca","10":"category-los-serranos","11":"category-politica-la-comarca","12":"category-seccion","13":"category-ventana","14":"tag-camp-de-turia","15":"tag-carreteras-diputacion","16":"tag-diputacio-de-valencia","17":"tag-la-serrania"},"_links":{"self":[{"href":"https:\/\/www.tucomarca.com\/wordpress\/segunda\/wp-json\/wp\/v2\/posts\/174914","targetHints":{"allow":["GET"]}}],"collection":[{"href":"https:\/\/www.tucomarca.com\/wordpress\/segunda\/wp-json\/wp\/v2\/posts"}],"about":[{"href":"https:\/\/www.tucomarca.com\/wordpress\/segunda\/wp-json\/wp\/v2\/types\/post"}],"author":[{"embeddable":true,"href":"https:\/\/www.tucomarca.com\/wordpress\/segunda\/wp-json\/wp\/v2\/users\/12"}],"replies":[{"embeddable":true,"href":"https:\/\/www.tucomarca.com\/wordpress\/segunda\/wp-json\/wp\/v2\/comments?post=174914"}],"version-history":[{"count":0,"href":"https:\/\/www.tucomarca.com\/wordpress\/segunda\/wp-json\/wp\/v2\/posts\/174914\/revisions"}],"wp:featuredmedia":[{"embeddable":true,"href":"https:\/\/www.tucomarca.com\/wordpress\/segunda\/wp-json\/wp\/v2\/media\/174916"}],"wp:attachment":[{"href":"https:\/\/www.tucomarca.com\/wordpress\/segunda\/wp-json\/wp\/v2\/media?parent=174914"}],"wp:term":[{"taxonomy":"category","embeddable":true,"href":"https:\/\/www.tucomarca.com\/wordpress\/segunda\/wp-json\/wp\/v2\/categories?post=174914"},{"taxonomy":"post_tag","embeddable":true,"href":"https:\/\/www.tucomarca.com\/wordpress\/segunda\/wp-json\/wp\/v2\/tags?post=174914"}],"curies":[{"name":"wp","href":"https:\/\/api.w.org\/{rel}","templated":true}]}}