{"id":17494,"date":"2013-08-25T12:42:21","date_gmt":"2013-08-25T09:42:21","guid":{"rendered":"http:\/\/www.tucomarca.com\/wordpress\/segunda\/?p=17494"},"modified":"2013-08-25T12:42:38","modified_gmt":"2013-08-25T09:42:38","slug":"%c2%abla-artistica%c2%bb-de-bunol-celebra-su-fiesta-del-manton-dentro-de-la-feria-y-fiestas-de-bunol","status":"publish","type":"post","link":"https:\/\/www.tucomarca.com\/wordpress\/segunda\/%c2%abla-artistica%c2%bb-de-bunol-celebra-su-fiesta-del-manton-dentro-de-la-feria-y-fiestas-de-bunol\/","title":{"rendered":"\u00abLa Art\u00edstica\u00bb de Bu\u00f1ol celebra su Fiesta del Mant\u00f3n dentro de la Feria y Fiestas de Bu\u00f1ol"},"content":{"rendered":"<p>La Sociedad Musical \u00abLa Art\u00edstica\u00bb de Bu\u00f1ol celebra este domingo su d\u00eda  grande. La jornada est\u00e1 protagonizada por los socios y  simpatizantes  de la Sociedad Musical \u201cLa Art\u00edstica\u201d, quienes dar\u00e1n vida a  la  reconocida Fiesta del Mant\u00f3n. A las 12,30 horas se iniciar\u00e1 la  ofrenda  de flores con salida desde el Montecarlo, mientras que a las 20,00   horas se dar\u00e1 el pistoletazo de salida a la cabalgata.<br \/>\nLa velada se cerrar\u00e1 con m\u00fasica.<\/p>\n","protected":false},"excerpt":{"rendered":"<div class=\"mh-excerpt\">La Sociedad Musical \u00abLa Art\u00edstica\u00bb de Bu\u00f1ol celebra este domingo su d\u00eda grande. La jornada est\u00e1 protagonizada por los socios y simpatizantes de la Sociedad Musical \u201cLa Art\u00edstica\u201d, quienes dar\u00e1n vida a la reconocida Fiesta <a class=\"mh-excerpt-more\" href=\"https:\/\/www.tucomarca.com\/wordpress\/segunda\/%c2%abla-artistica%c2%bb-de-bunol-celebra-su-fiesta-del-manton-dentro-de-la-feria-y-fiestas-de-bunol\/\" title=\"\u00abLa Art\u00edstica\u00bb de Bu\u00f1ol celebra su Fiesta del Mant\u00f3n dentro de la Feria y Fiestas de Bu\u00f1ol\">[+] <\/a><\/div>\n","protected":false},"author":1,"featured_media":0,"comment_status":"open","ping_status":"open","sticky":false,"template":"","format":"standard","meta":{"footnotes":""},"categories":[4,18,10,5,383,3],"tags":[],"class_list":{"0":"post-17494","1":"post","2":"type-post","3":"status-publish","4":"format-standard","6":"category-agenda","7":"category-bunol","8":"category-la-hoya","9":"category-la-semana-en-imagenes","10":"category-pueblos-en-fiestas","11":"category-seccion"},"_links":{"self":[{"href":"https:\/\/www.tucomarca.com\/wordpress\/segunda\/wp-json\/wp\/v2\/posts\/17494","targetHints":{"allow":["GET"]}}],"collection":[{"href":"https:\/\/www.tucomarca.com\/wordpress\/segunda\/wp-json\/wp\/v2\/posts"}],"about":[{"href":"https:\/\/www.tucomarca.com\/wordpress\/segunda\/wp-json\/wp\/v2\/types\/post"}],"author":[{"embeddable":true,"href":"https:\/\/www.tucomarca.com\/wordpress\/segunda\/wp-json\/wp\/v2\/users\/1"}],"replies":[{"embeddable":true,"href":"https:\/\/www.tucomarca.com\/wordpress\/segunda\/wp-json\/wp\/v2\/comments?post=17494"}],"version-history":[{"count":0,"href":"https:\/\/www.tucomarca.com\/wordpress\/segunda\/wp-json\/wp\/v2\/posts\/17494\/revisions"}],"wp:attachment":[{"href":"https:\/\/www.tucomarca.com\/wordpress\/segunda\/wp-json\/wp\/v2\/media?parent=17494"}],"wp:term":[{"taxonomy":"category","embeddable":true,"href":"https:\/\/www.tucomarca.com\/wordpress\/segunda\/wp-json\/wp\/v2\/categories?post=17494"},{"taxonomy":"post_tag","embeddable":true,"href":"https:\/\/www.tucomarca.com\/wordpress\/segunda\/wp-json\/wp\/v2\/tags?post=17494"}],"curies":[{"name":"wp","href":"https:\/\/api.w.org\/{rel}","templated":true}]}}