{"id":174947,"date":"2022-12-16T12:00:00","date_gmt":"2022-12-16T10:00:00","guid":{"rendered":"https:\/\/www.tucomarca.com\/wordpress\/segunda\/?p=174947"},"modified":"2022-12-29T13:37:09","modified_gmt":"2022-12-29T11:37:09","slug":"el-ayuntamiento-de-cortes-de-pallas-pone-en-servicio-la-escuela-de-navidad","status":"publish","type":"post","link":"https:\/\/www.tucomarca.com\/wordpress\/segunda\/el-ayuntamiento-de-cortes-de-pallas-pone-en-servicio-la-escuela-de-navidad\/","title":{"rendered":"El Ayuntamiento de Cortes de Pall\u00e1s pone en servicio la Escuela de Navidad"},"content":{"rendered":"\n<p>El Ayuntamiento de Cortes de Pall\u00e1s pone en servicio la Escuela de Navidad para los ni\u00f1os y ni\u00f1as de 1 a 14 a\u00f1os. La escuela estar\u00e1 ubicada en las instalaciones de CRA Alto J\u00facar, del 26 al 30 de diciembre de 10,00h a 14,00h. las familias interesadas pueden inscribir a sus hijos en el ayuntamiento, hasta el 20 de diciembre. <\/p>\n\n\n\n<p>Durante estos d\u00edas los ni\u00f1os y ni\u00f1as m\u00e1s peque\u00f1os podr\u00e1n disfrutar de talleres navide\u00f1os, canciones, bailes, historias y juegos, mientras que los m\u00e1s mayores practicar\u00e1n deportes y juegos.<\/p>\n","protected":false},"excerpt":{"rendered":"<div class=\"mh-excerpt\">El Ayuntamiento de Cortes de Pall\u00e1s pone en servicio la Escuela de Navidad para los ni\u00f1os y ni\u00f1as de 1 a 14 a\u00f1os. La escuela estar\u00e1 ubicada en las instalaciones de CRA Alto J\u00facar, del <a class=\"mh-excerpt-more\" href=\"https:\/\/www.tucomarca.com\/wordpress\/segunda\/el-ayuntamiento-de-cortes-de-pallas-pone-en-servicio-la-escuela-de-navidad\/\" title=\"El Ayuntamiento de Cortes de Pall\u00e1s pone en servicio la Escuela de Navidad\">[+] <\/a><\/div>\n","protected":false},"author":12,"featured_media":174949,"comment_status":"open","ping_status":"open","sticky":false,"template":"","format":"standard","meta":{"footnotes":""},"categories":[4,38,40,128,8,7,3],"tags":[10392,10651,18585],"class_list":{"0":"post-174947","1":"post","2":"type-post","3":"status-publish","4":"format-standard","5":"has-post-thumbnail","7":"category-agenda","8":"category-ayora-cofrentes","9":"category-cortes-de-pallas","10":"category-infraestructuras","11":"category-la-comarca","12":"category-ocio-y-cultura","13":"category-seccion","14":"tag-cortes-de-pallas","15":"tag-el-valle-de-ayora-cofrentes","16":"tag-escuela-de-navidad"},"_links":{"self":[{"href":"https:\/\/www.tucomarca.com\/wordpress\/segunda\/wp-json\/wp\/v2\/posts\/174947","targetHints":{"allow":["GET"]}}],"collection":[{"href":"https:\/\/www.tucomarca.com\/wordpress\/segunda\/wp-json\/wp\/v2\/posts"}],"about":[{"href":"https:\/\/www.tucomarca.com\/wordpress\/segunda\/wp-json\/wp\/v2\/types\/post"}],"author":[{"embeddable":true,"href":"https:\/\/www.tucomarca.com\/wordpress\/segunda\/wp-json\/wp\/v2\/users\/12"}],"replies":[{"embeddable":true,"href":"https:\/\/www.tucomarca.com\/wordpress\/segunda\/wp-json\/wp\/v2\/comments?post=174947"}],"version-history":[{"count":0,"href":"https:\/\/www.tucomarca.com\/wordpress\/segunda\/wp-json\/wp\/v2\/posts\/174947\/revisions"}],"wp:featuredmedia":[{"embeddable":true,"href":"https:\/\/www.tucomarca.com\/wordpress\/segunda\/wp-json\/wp\/v2\/media\/174949"}],"wp:attachment":[{"href":"https:\/\/www.tucomarca.com\/wordpress\/segunda\/wp-json\/wp\/v2\/media?parent=174947"}],"wp:term":[{"taxonomy":"category","embeddable":true,"href":"https:\/\/www.tucomarca.com\/wordpress\/segunda\/wp-json\/wp\/v2\/categories?post=174947"},{"taxonomy":"post_tag","embeddable":true,"href":"https:\/\/www.tucomarca.com\/wordpress\/segunda\/wp-json\/wp\/v2\/tags?post=174947"}],"curies":[{"name":"wp","href":"https:\/\/api.w.org\/{rel}","templated":true}]}}