{"id":175014,"date":"2022-12-31T10:00:00","date_gmt":"2022-12-31T08:00:00","guid":{"rendered":"https:\/\/www.tucomarca.com\/wordpress\/segunda\/?p=175014"},"modified":"2023-01-02T11:29:36","modified_gmt":"2023-01-02T09:29:36","slug":"identidade-de-amalia-tortajada-y-andrea-gonzalez-caballero-premio-carles-santos-a-mejor-album-de-musica-clasica-y-distincion-melomano-de-oro","status":"publish","type":"post","link":"https:\/\/www.tucomarca.com\/wordpress\/segunda\/identidade-de-amalia-tortajada-y-andrea-gonzalez-caballero-premio-carles-santos-a-mejor-album-de-musica-clasica-y-distincion-melomano-de-oro\/","title":{"rendered":"&#8216;Identidade&#8217;, de Amalia Tortajada y Andrea Gonz\u00e1lez Caballero, premio Carles Santos a mejor \u00e1lbum de M\u00fasica Cl\u00e1sica y distinci\u00f3n Mel\u00f3mano de Oro\u00a0"},"content":{"rendered":"\n<p>El pasado d\u00eda 16 de Diciembre se celebr\u00f3 la gala de los Premis Carles Santos de la M\u00fasica Valenciana en el Teatro Principal de Valencia. Los premios constan de 16 categor\u00edas que engloban diferentes estilos musicales, y tienen como objetivo reconocer las mejores producciones discogr\u00e1ficas y promocionar a sus artistas. Entre los nominados se encontraba IDENTIDADE, el grupo formado por mujeres de diferentes campos art\u00edsticos que recientemente han publicado su primer album hom\u00f3nimo.<\/p>\n\n\n\n<p>El proyecto inclu\u00eda el estreno de cuatro composiciones para flauta y guitarra, de las cuales tres fueron comisionadas por las creadoras de este exitoso proyecto: Celia Ruiz Artacho (ingeniera de sonido), Amalia Tortajada (flauta) y Andrea Gonz\u00e1lez Caballero (guitarra).&nbsp;<\/p>\n\n\n\n<p>Tras la gala se conocieron los ganadores de las diversas categor\u00edas, entre las que se inclu\u00eda el mejor \u00e1lbum de m\u00fasica cl\u00e1sica. Identidade se alzaba con el galard\u00f3n, demostrando que la uni\u00f3n hace la fuerza. Este proyecto, que valora la labor de cada una de las mujeres que particip\u00f3 en \u00e9l, recibi\u00f3 el reconocimiento a la innovaci\u00f3n dentro del repertorio de m\u00fasica cl\u00e1sica.<\/p>\n\n\n\n<p>Tambi\u00e9n en el mes de Diciembre, IDENTIDADE ha obtenido la distinci\u00f3n Mel\u00f3mano de Oro otorgada por la prestigiosa revista nacional Mel\u00f3mano. Un reconocimiento a la calidad y sensibilidad interpretativa de este trabajo discogr\u00e1fico.<\/p>\n\n\n\n<p>Entre las integrantes de IDENTIDADE se encuentran las compositoras Clarice Assad (Brasil), Gabriela Ortiz (M\u00e9xico), Elisenda F\u00e1bregas (Espa\u00f1a) y Johanny Navarro (Puerto Rico). Tambi\u00e9n la fot\u00f3grafa Anna Tena, las camar\u00f3grafas Esther Conze y Lydia Ramos y la music\u00f3loga Anna Cazurra. Una mezcla de muchas culturas, donde predomina la conservaci\u00f3n de la identidad de cada una de ellas.<\/p>\n\n\n\n<figure class=\"wp-block-gallery has-nested-images columns-default is-cropped wp-block-gallery-1 is-layout-flex wp-block-gallery-is-layout-flex\">\n<figure class=\"wp-block-image size-large\"><img loading=\"lazy\" decoding=\"async\" width=\"474\" height=\"640\" data-id=\"175021\" src=\"https:\/\/www.tucomarca.com\/wordpress\/segunda\/wp-content\/uploads\/2022\/12\/IMG_1097-1.jpeg\" alt=\"\" class=\"wp-image-175021\" srcset=\"https:\/\/www.tucomarca.com\/wordpress\/segunda\/wp-content\/uploads\/2022\/12\/IMG_1097-1.jpeg 474w, https:\/\/www.tucomarca.com\/wordpress\/segunda\/wp-content\/uploads\/2022\/12\/IMG_1097-1-222x300.jpeg 222w\" sizes=\"auto, (max-width: 474px) 100vw, 474px\" \/><\/figure>\n\n\n\n<figure class=\"wp-block-image size-large\"><img loading=\"lazy\" decoding=\"async\" width=\"640\" height=\"427\" data-id=\"175023\" src=\"https:\/\/www.tucomarca.com\/wordpress\/segunda\/wp-content\/uploads\/2022\/12\/AMALIApremio2-1.jpeg\" alt=\"\" class=\"wp-image-175023\" srcset=\"https:\/\/www.tucomarca.com\/wordpress\/segunda\/wp-content\/uploads\/2022\/12\/AMALIApremio2-1.jpeg 640w, https:\/\/www.tucomarca.com\/wordpress\/segunda\/wp-content\/uploads\/2022\/12\/AMALIApremio2-1-300x200.jpeg 300w\" sizes=\"auto, (max-width: 640px) 100vw, 640px\" \/><\/figure>\n<\/figure>\n","protected":false},"excerpt":{"rendered":"<div class=\"mh-excerpt\">El pasado d\u00eda 16 de Diciembre se celebr\u00f3 la gala de los Premis Carles Santos de la M\u00fasica Valenciana en el Teatro Principal de Valencia. Los premios constan de 16 categor\u00edas que engloban diferentes estilos <a class=\"mh-excerpt-more\" href=\"https:\/\/www.tucomarca.com\/wordpress\/segunda\/identidade-de-amalia-tortajada-y-andrea-gonzalez-caballero-premio-carles-santos-a-mejor-album-de-musica-clasica-y-distincion-melomano-de-oro\/\" title=\"&#8216;Identidade&#8217;, de Amalia Tortajada y Andrea Gonz\u00e1lez Caballero, premio Carles Santos a mejor \u00e1lbum de M\u00fasica Cl\u00e1sica y distinci\u00f3n Mel\u00f3mano de Oro\u00a0\">[+] <\/a><\/div>\n","protected":false},"author":12,"featured_media":175015,"comment_status":"open","ping_status":"open","sticky":false,"template":"","format":"standard","meta":{"footnotes":""},"categories":[18,66,8,72,10,7,3],"tags":[10385,10401,5952,15855],"class_list":{"0":"post-175014","1":"post","2":"type-post","3":"status-publish","4":"format-standard","5":"has-post-thumbnail","7":"category-bunol","8":"category-musica","9":"category-la-comarca","10":"category-sin-categorizar","11":"category-la-hoya","12":"category-ocio-y-cultura","13":"category-seccion","14":"tag-bunol","15":"tag-musica","16":"tag-la-hoya-de-bunol-chiva","17":"tag-ocio-y-cultura"},"_links":{"self":[{"href":"https:\/\/www.tucomarca.com\/wordpress\/segunda\/wp-json\/wp\/v2\/posts\/175014","targetHints":{"allow":["GET"]}}],"collection":[{"href":"https:\/\/www.tucomarca.com\/wordpress\/segunda\/wp-json\/wp\/v2\/posts"}],"about":[{"href":"https:\/\/www.tucomarca.com\/wordpress\/segunda\/wp-json\/wp\/v2\/types\/post"}],"author":[{"embeddable":true,"href":"https:\/\/www.tucomarca.com\/wordpress\/segunda\/wp-json\/wp\/v2\/users\/12"}],"replies":[{"embeddable":true,"href":"https:\/\/www.tucomarca.com\/wordpress\/segunda\/wp-json\/wp\/v2\/comments?post=175014"}],"version-history":[{"count":0,"href":"https:\/\/www.tucomarca.com\/wordpress\/segunda\/wp-json\/wp\/v2\/posts\/175014\/revisions"}],"wp:featuredmedia":[{"embeddable":true,"href":"https:\/\/www.tucomarca.com\/wordpress\/segunda\/wp-json\/wp\/v2\/media\/175015"}],"wp:attachment":[{"href":"https:\/\/www.tucomarca.com\/wordpress\/segunda\/wp-json\/wp\/v2\/media?parent=175014"}],"wp:term":[{"taxonomy":"category","embeddable":true,"href":"https:\/\/www.tucomarca.com\/wordpress\/segunda\/wp-json\/wp\/v2\/categories?post=175014"},{"taxonomy":"post_tag","embeddable":true,"href":"https:\/\/www.tucomarca.com\/wordpress\/segunda\/wp-json\/wp\/v2\/tags?post=175014"}],"curies":[{"name":"wp","href":"https:\/\/api.w.org\/{rel}","templated":true}]}}