{"id":175093,"date":"2023-01-02T12:00:00","date_gmt":"2023-01-02T10:00:00","guid":{"rendered":"https:\/\/www.tucomarca.com\/wordpress\/segunda\/?p=175093"},"modified":"2023-01-02T20:27:11","modified_gmt":"2023-01-02T18:27:11","slug":"csif-pide-al-departamento-de-la-ribera-que-deje-sin-efecto-las-planillas-de-2023-por-el-perjuicio-a-trabajadores-y-usuarios","status":"publish","type":"post","link":"https:\/\/www.tucomarca.com\/wordpress\/segunda\/csif-pide-al-departamento-de-la-ribera-que-deje-sin-efecto-las-planillas-de-2023-por-el-perjuicio-a-trabajadores-y-usuarios\/","title":{"rendered":"CSIF pide al departamento de la Ribera que \u201cdeje sin efecto las planillas de 2023 por el perjuicio a trabajadores y usuarios\u00bb"},"content":{"rendered":"\n<h4 class=\"wp-block-heading\">El sindicato apunta que \u201crompen los grupos de trabajo\u201d y provocan que por la noche y en el mes de agosto apenas haya efectivos<\/h4>\n\n\n\n<p>El sindicato CSIF ha pedido por escrito a la direcci\u00f3n del departamento de salud de la Ribera que \u201cdeje sin efecto la implantaci\u00f3n de las planillas anuales de 2023\u201d. La central sindical ha llevado a cabo esta solicitud \u201cante el perjuicio a trabajadores y usuarios que puede causar\u201d por hechos como \u201chaber prescindido de la mayor\u00eda de presencias nocturnas\u201d u obligar a \u201cque el personal vacacione por defecto en agosto\u201d.<\/p>\n\n\n\n<p>La Central Sindical Independiente y de Funcionarios (CSIF) explica que la gerencia del departamento distribuy\u00f3 las planillas sin haberlas presentado a los sindicatos antes pese a afectar a las condiciones laborales de los trabajadores. Una vez recibidas, la central sindical lamenta que \u201clejos de mejorar las condiciones laborales y la conciliaci\u00f3n, las empeoran\u201d.<\/p>\n\n\n\n<p>CSIF denuncia \u201cla distribuci\u00f3n totalmente irregular de la jornada ordinaria\u201d que se muestra en esas planillas de trabajo. En este sentido hace hincapi\u00e9 en que \u201clejos de incorporar a toda la plantilla estructural con equidad en las presencias diurnas y nocturnas, se ha prescindido de la mayor\u00eda de presencias nocturnas para reforzar solamente las diurnas. Esto deriva en un aumento de la jornada ordinaria y de la presi\u00f3n asistencial nocturna al contar con menos efectivos\u201d.<\/p>\n\n\n\n<p>El sindicato contin\u00faa relatando que una situaci\u00f3n similar se produce con las vacaciones estivales. \u201cLa rotaci\u00f3n de los meses de julio, agosto y septiembre desaparece y queda en muchos casos, por defecto, la imposici\u00f3n para que el personal coja el mes de descanso en agosto. Esta decisi\u00f3n conlleva desorganizaci\u00f3n y descuelgue de recursos\u201d, indica en el escrito el sindicato, que recuerda que \u201cen agosto no cierra el hospital, sino que tiene una elevada carga asistencial por la atenci\u00f3n, adem\u00e1s de a la poblaci\u00f3n habitual, a la que viene a veranear a las playas de la comarca\u201d.<\/p>\n\n\n\n<p>CSIF subraya que igualmente \u201cha sido eliminada la rotaci\u00f3n de trabajar los festivos anuales\u201d. Del mismo modo, remarca que \u201cen servicios especiales se ha prescindido de los grupos de trabajo o de las tareas preasignadas, adem\u00e1s de de las localizaciones de los puestos, pese a que se trata de cuestiones de vital importancia para una buena organizaci\u00f3n y ofrecer la mejor atenci\u00f3n a los usuarios del departamento de salud\u201d.<\/p>\n\n\n\n<p>La central sindical insiste en \u201cla reducci\u00f3n de las presencias de noche\u201d o en que \u201cla distribuci\u00f3n de los fines de semana no es para nada c\u00edclica\u201d. Todo ello repercute en \u201cun empeoramiento de la conciliaci\u00f3n, una merma econ\u00f3mica y, principalmente, en sobrecargar servicios y agotar al personal, lo que impide prestar la atenci\u00f3n en las condiciones id\u00f3neas al usuario\u201d.<\/p>\n\n\n\n<p>El sindicato, ante estas circunstancias, ha solicitado a la direcci\u00f3n del departamento que \u201cdeje sin efecto la implantaci\u00f3n de las plantillas anuales de 2023\u201d y que tenga en cuenta sus propuestas, como los turnos de 12 horas para Servicios Especiales y Hospitalizaci\u00f3n.<\/p>\n","protected":false},"excerpt":{"rendered":"<div class=\"mh-excerpt\">El sindicato apunta que \u201crompen los grupos de trabajo\u201d y provocan que por la noche y en el mes de agosto apenas haya efectivos El sindicato CSIF ha pedido por escrito a la direcci\u00f3n del <a class=\"mh-excerpt-more\" href=\"https:\/\/www.tucomarca.com\/wordpress\/segunda\/csif-pide-al-departamento-de-la-ribera-que-deje-sin-efecto-las-planillas-de-2023-por-el-perjuicio-a-trabajadores-y-usuarios\/\" title=\"CSIF pide al departamento de la Ribera que \u201cdeje sin efecto las planillas de 2023 por el perjuicio a trabajadores y usuarios\u00bb\">[+] <\/a><\/div>\n","protected":false},"author":12,"featured_media":168707,"comment_status":"open","ping_status":"open","sticky":false,"template":"","format":"standard","meta":{"footnotes":""},"categories":[69,119,128,8,42,142,3],"tags":[10402,381,1407],"class_list":{"0":"post-175093","1":"post","2":"type-post","3":"status-publish","4":"format-standard","5":"has-post-thumbnail","7":"category-alzira","8":"category-sanidad-la-comarca","9":"category-infraestructuras","10":"category-la-comarca","11":"category-la-ribera","12":"category-politica-la-comarca","13":"category-seccion","14":"tag-alzira","15":"tag-csif","16":"tag-ribera-alta"},"_links":{"self":[{"href":"https:\/\/www.tucomarca.com\/wordpress\/segunda\/wp-json\/wp\/v2\/posts\/175093","targetHints":{"allow":["GET"]}}],"collection":[{"href":"https:\/\/www.tucomarca.com\/wordpress\/segunda\/wp-json\/wp\/v2\/posts"}],"about":[{"href":"https:\/\/www.tucomarca.com\/wordpress\/segunda\/wp-json\/wp\/v2\/types\/post"}],"author":[{"embeddable":true,"href":"https:\/\/www.tucomarca.com\/wordpress\/segunda\/wp-json\/wp\/v2\/users\/12"}],"replies":[{"embeddable":true,"href":"https:\/\/www.tucomarca.com\/wordpress\/segunda\/wp-json\/wp\/v2\/comments?post=175093"}],"version-history":[{"count":0,"href":"https:\/\/www.tucomarca.com\/wordpress\/segunda\/wp-json\/wp\/v2\/posts\/175093\/revisions"}],"wp:featuredmedia":[{"embeddable":true,"href":"https:\/\/www.tucomarca.com\/wordpress\/segunda\/wp-json\/wp\/v2\/media\/168707"}],"wp:attachment":[{"href":"https:\/\/www.tucomarca.com\/wordpress\/segunda\/wp-json\/wp\/v2\/media?parent=175093"}],"wp:term":[{"taxonomy":"category","embeddable":true,"href":"https:\/\/www.tucomarca.com\/wordpress\/segunda\/wp-json\/wp\/v2\/categories?post=175093"},{"taxonomy":"post_tag","embeddable":true,"href":"https:\/\/www.tucomarca.com\/wordpress\/segunda\/wp-json\/wp\/v2\/tags?post=175093"}],"curies":[{"name":"wp","href":"https:\/\/api.w.org\/{rel}","templated":true}]}}