{"id":175246,"date":"2023-01-07T18:00:00","date_gmt":"2023-01-07T16:00:00","guid":{"rendered":"https:\/\/www.tucomarca.com\/wordpress\/segunda\/?p=175246"},"modified":"2023-01-07T22:31:25","modified_gmt":"2023-01-07T20:31:25","slug":"opinion-a-bocajarro-por-joseh-larrazabal-10","status":"publish","type":"post","link":"https:\/\/www.tucomarca.com\/wordpress\/segunda\/opinion-a-bocajarro-por-joseh-larrazabal-10\/","title":{"rendered":"Opini\u00f3n: \u00abA bocajarro\u00bb, por J\u00f3seh Larraz\u00e1bal"},"content":{"rendered":"\n<figure class=\"wp-block-image size-large is-resized\"><img loading=\"lazy\" decoding=\"async\" src=\"https:\/\/www.tucomarca.com\/wordpress\/segunda\/wp-content\/uploads\/2021\/07\/JoseLarrazabal-1024x1024.jpg\" alt=\"\" class=\"wp-image-136627\" width=\"127\" height=\"127\" srcset=\"https:\/\/www.tucomarca.com\/wordpress\/segunda\/wp-content\/uploads\/2021\/07\/JoseLarrazabal-1024x1024.jpg 1024w, https:\/\/www.tucomarca.com\/wordpress\/segunda\/wp-content\/uploads\/2021\/07\/JoseLarrazabal-300x300.jpg 300w, https:\/\/www.tucomarca.com\/wordpress\/segunda\/wp-content\/uploads\/2021\/07\/JoseLarrazabal-290x290.jpg 290w, https:\/\/www.tucomarca.com\/wordpress\/segunda\/wp-content\/uploads\/2021\/07\/JoseLarrazabal-768x768.jpg 768w, https:\/\/www.tucomarca.com\/wordpress\/segunda\/wp-content\/uploads\/2021\/07\/JoseLarrazabal.jpg 1086w\" sizes=\"auto, (max-width: 127px) 100vw, 127px\" \/><\/figure>\n\n\n\n<p>No se qu\u00e9 me da m\u00e1s verg\u00fcenza el juego del VCLIM, la clasificaci\u00f3n, lo que se vislumbra, o los 40.000 que van a Mestalla y que ponen mala cara cuando acaba el partido con derrota.<br>\u00bfQu\u00e9 esperaban?<br>Por qu\u00e9 sacan el pase?<br>Por qu\u00e9 van a Mestalla?<br>Esos son los culpables de la podredumbre que aflora en el VCLIM.<br>Hoy he estado en el circo \u00abWonderland\u00bb y los payasos han echo mofa de la terminaci\u00f3n del nuevo campo para dentro de unos 20 a\u00f1os.<br>Esto no tiene un pase m\u00e1s.<br>Yo, a\u00fan estando en situaci\u00f3n de \u00abstand by\u00bb me siento avergonzado de Lim, de la prensa y de la afici\u00f3n (los que van a Mestalla).<br>No me vale lo de que \u00abcada uno haga lo que quiera\u00bb porque salimos TODOS perjudicados.<br>Sigan sigan yendo al estadio y aplaudiendo a Gatuso y a esa cuadrilla de cedidos y coste cero que son, y el que los trae, los que ensucian el escudo que llevan en la camiseta.<br>Verg\u00fcenza ajena.<br>Sigan sigan criticando a Lim y yendo a Mestalla a aplaudir a esos paquetes que \u00e9l mismo trae.<br>Retales de otros equipos y jugadores en paro.<br>D\u00e9jenme recordarles que el vcLim va el 10\u00ba en la tabla con 1 partido m\u00e1s. Podr\u00edan caer 2-3 puestos m\u00e1s esta jornada si los de atr\u00e1s ganan esta jornada.<br>Es lo que hay.<br>Una situaci\u00f3n pat\u00e9tica y penosa.<br>\u00bfHasta cuando?<\/p>\n\n\n\n<p>Por cierto que no ensucien la historia aquellos que llaman a Cavani, o lo que queda de \u00e9l \u00abEl Matador.\u00bb<br>Solo hubo un aut\u00e9ntico Matador.<br>Se acuerdan?<\/p>\n\n\n\n<figure class=\"wp-block-image size-full is-resized\"><img loading=\"lazy\" decoding=\"async\" src=\"https:\/\/www.tucomarca.com\/wordpress\/segunda\/wp-content\/uploads\/2023\/01\/Kempes.jpg\" alt=\"\" class=\"wp-image-175247\" width=\"241\" height=\"305\" srcset=\"https:\/\/www.tucomarca.com\/wordpress\/segunda\/wp-content\/uploads\/2023\/01\/Kempes.jpg 632w, https:\/\/www.tucomarca.com\/wordpress\/segunda\/wp-content\/uploads\/2023\/01\/Kempes-237x300.jpg 237w\" sizes=\"auto, (max-width: 241px) 100vw, 241px\" \/><\/figure>\n","protected":false},"excerpt":{"rendered":"<div class=\"mh-excerpt\">No se qu\u00e9 me da m\u00e1s verg\u00fcenza el juego del VCLIM, la clasificaci\u00f3n, lo que se vislumbra, o los 40.000 que van a Mestalla y que ponen mala cara cuando acaba el partido con derrota.\u00bfQu\u00e9 <a class=\"mh-excerpt-more\" href=\"https:\/\/www.tucomarca.com\/wordpress\/segunda\/opinion-a-bocajarro-por-joseh-larrazabal-10\/\" title=\"Opini\u00f3n: \u00abA bocajarro\u00bb, por J\u00f3seh Larraz\u00e1bal\">[+] <\/a><\/div>\n","protected":false},"author":1,"featured_media":136627,"comment_status":"open","ping_status":"open","sticky":false,"template":"","format":"standard","meta":{"footnotes":""},"categories":[50,3358,6,3],"tags":[10379,44,1810],"class_list":{"0":"post-175246","1":"post","2":"type-post","3":"status-publish","4":"format-standard","5":"has-post-thumbnail","7":"category-futbol-deportes","8":"category-canal-valencia-cf","9":"category-deportes","10":"category-seccion","11":"tag-deportes","12":"tag-futbol","13":"tag-valencia-cf"},"_links":{"self":[{"href":"https:\/\/www.tucomarca.com\/wordpress\/segunda\/wp-json\/wp\/v2\/posts\/175246","targetHints":{"allow":["GET"]}}],"collection":[{"href":"https:\/\/www.tucomarca.com\/wordpress\/segunda\/wp-json\/wp\/v2\/posts"}],"about":[{"href":"https:\/\/www.tucomarca.com\/wordpress\/segunda\/wp-json\/wp\/v2\/types\/post"}],"author":[{"embeddable":true,"href":"https:\/\/www.tucomarca.com\/wordpress\/segunda\/wp-json\/wp\/v2\/users\/1"}],"replies":[{"embeddable":true,"href":"https:\/\/www.tucomarca.com\/wordpress\/segunda\/wp-json\/wp\/v2\/comments?post=175246"}],"version-history":[{"count":0,"href":"https:\/\/www.tucomarca.com\/wordpress\/segunda\/wp-json\/wp\/v2\/posts\/175246\/revisions"}],"wp:featuredmedia":[{"embeddable":true,"href":"https:\/\/www.tucomarca.com\/wordpress\/segunda\/wp-json\/wp\/v2\/media\/136627"}],"wp:attachment":[{"href":"https:\/\/www.tucomarca.com\/wordpress\/segunda\/wp-json\/wp\/v2\/media?parent=175246"}],"wp:term":[{"taxonomy":"category","embeddable":true,"href":"https:\/\/www.tucomarca.com\/wordpress\/segunda\/wp-json\/wp\/v2\/categories?post=175246"},{"taxonomy":"post_tag","embeddable":true,"href":"https:\/\/www.tucomarca.com\/wordpress\/segunda\/wp-json\/wp\/v2\/tags?post=175246"}],"curies":[{"name":"wp","href":"https:\/\/api.w.org\/{rel}","templated":true}]}}