{"id":175912,"date":"2023-01-13T12:00:00","date_gmt":"2023-01-13T10:00:00","guid":{"rendered":"https:\/\/www.tucomarca.com\/wordpress\/segunda\/?p=175912"},"modified":"2023-01-13T16:40:20","modified_gmt":"2023-01-13T14:40:20","slug":"el-pp-de-la-pobla-de-vallbona-exige-un-millon-para-el-drenaje-de-las-urbanizaciones-frente-a-los-10-000-euros-presupuestados-por-la-generalitat","status":"publish","type":"post","link":"https:\/\/www.tucomarca.com\/wordpress\/segunda\/el-pp-de-la-pobla-de-vallbona-exige-un-millon-para-el-drenaje-de-las-urbanizaciones-frente-a-los-10-000-euros-presupuestados-por-la-generalitat\/","title":{"rendered":"El PP de la Pobla de Vallbona exige un mill\u00f3n para el drenaje de las urbanizaciones frente a los 10.000 euros presupuestados por la Generalitat"},"content":{"rendered":"\n<h4 class=\"wp-block-heading\">Rosana Mar\u00edn explica que \u201cel PP en las Cortes Valencianas present\u00f3 una enmienda a los Presupuestos de la Generalitat para ampliar a un mill\u00f3n de euros la dotaci\u00f3n econ\u00f3mica prevista en 2023, pero el PSOE, Comprom\u00eds y Unidas Podemos votaron en contra y qued\u00f3 rechazada\u201d<\/h4>\n\n\n\n<h4 class=\"wp-block-heading\">La concejala del PP lamenta que el alcalde Josep Vicent Garcia i Tamarit \u201cf\u00eda todo a las buenas intenciones en futuros a\u00f1os en lugar de exigir ya un compromiso real con las obras de drenaje a trav\u00e9s de los presupuestos\u201d<\/h4>\n\n\n\n<h4 class=\"wp-block-heading\">\u201c\u00bfAcaso tienen miedo a alzar la voz ante sus dirigentes? \u00bfTan poca influencia tiene en su partido el alcalde la Pobla de Vallbona\u201d, se ha preguntado la edil del PP<\/h4>\n\n\n\n<p>La concejala del Partido Popular en el Ayuntamiento de la Pobla de Vallbona, Rosana Mar\u00edn, ha exigido que el proyecto y las obras de drenaje de las aguas de las urbanizaciones San Mart\u00edn, Las Pe\u00f1as y Montesano en la zona de la Malladeta incluya \u201cun mill\u00f3n de euros de presupuesto y no s\u00f3lo los 10.000 que contempla la Generalitat para este a\u00f1o 2023\u201d.&nbsp;<\/p>\n\n\n\n<p>La concejala popular se ha expresado en el Pleno del Ayuntamiento, que deb\u00eda aprobar el proyecto de construcci\u00f3n del drenaje de las aguas pluviales a las urbanizaciones, a favor del mismo, pero ha lamentado que sobre el papel s\u00f3lo hay 10.000 euros, \u201cuna cifra completamente escas\u00edsima\u201d y que los otros 1,9 millones restantes previstos para ejecutar las obras \u201cse f\u00edan a la buena intenci\u00f3n de la conselleria de Agricultura en los pr\u00f3ximos a\u00f1os\u201d.&nbsp;<\/p>\n\n\n\n<p>En este sentido, Rosana Mar\u00edn ha explicado que desde el grupo parlamentario del PP en las Cortes Valencianas \u201cse present\u00f3 una enmienda a los Presupuestos de la Generalitat para ampliar a un mill\u00f3n de euros la dotaci\u00f3n econ\u00f3mica prevista para las obras de drenaje de las urbanizaciones de la Pobla de Vallbona en 2023, pero el PSOE, Comprom\u00eds y Unidas Podemos votaron en contra y por tanto qued\u00f3 rechazada\u201d.&nbsp;<\/p>\n\n\n\n<p>\u201cAnte esta situaci\u00f3n, el alcalde de la Pobla de Vallbona, Josep Vicent Garcia i Tamarit, se encomienda a las buenas intenciones en futuros a\u00f1os en lugar de exigir ya un compromiso real con las obras de drenaje a trav\u00e9s de los presupuestos, que es donde debe figurar el dinero, pero una vez m\u00e1s calla ante las \u00f3rdenes que le llegan de arriba de su partido, Comprom\u00eds, en lugar de ser el defensor de los intereses de los poblanos\u201d, ha considerado la edil popular.&nbsp;<\/p>\n\n\n\n<p>Rosana Mar\u00edn ha resaltado que \u201clos mismos partidos que gobiernan en la Pobla de Vallbona, Comprom\u00eds y PSOE, son los que gestionan la Generalitat Valenciana y los que tumbaron en las Cortes Valencianas que se incluyera m\u00e1s presupuesto para el proyecto y las obras de drenaje en 2023, por lo que el alcalde y sus concejales son c\u00f3mplices de que s\u00f3lo vayamos a contar con 10.000 euros este a\u00f1o y en los pr\u00f3ximos ya veremos\u201d.&nbsp;<\/p>\n\n\n\n<p>Adem\u00e1s, la edil del PP ha relatado que en el Pleno del Ayuntamiento \u201cel alcalde Josep Vicent Garcia i Tamarit hizo lo que siempre nos tiene acostumbrados, escurrir el bulto, echando la culpa de lo retrasos en las obras al Ayuntamiento de San Antonio de Benag\u00e9ber en lugar de asumir su parte de responsabilidad\u201d.&nbsp;<\/p>\n\n\n\n<p>Para la concejala popular, \u201clas obras de drenaje son una reivindicaci\u00f3n que la Pobla de Vallbona viene arrastrando desde hace a\u00f1os, y ahora que por fin podemos desatascarla, no compartimos que desde el gobierno municipal de Josep Vicent Garcia i Tamarit no se reclame de forma m\u00e1s fehaciente mayor presupuesto en 2023 y se conformen con ver que pasa en los pr\u00f3ximos a\u00f1os, si la Generalitat cumple o no con los 1,9 millones restantes\u201d. \u201c\u00bfAcaso tienen miedo a alzar la voz ante sus dirigentes? \u00bfTan poca influencia tiene en su partido el alcalde la Pobla de Vallbona\u201d, se ha preguntado la edil del PP.&nbsp;<\/p>\n\n\n\n<p>Para finalizar, Rosana Mar\u00edn ha insistido en que el asunto de las obras de drenaje en las urbanizaciones de la Pobla de Vallbona, \u201ces un tema que afecta directamente a la seguridad de las personas, que llevan a\u00f1os soportando inundaciones cuando hay lluvias torrenciales, por lo que consideramos que aprobar el proyecto es muy positivo, pero que se ha desaprovechado una oportunidad muy buena de dotar ya de m\u00e1s dinero a las obras y no postergarlo a futuros a\u00f1os\u201d.&nbsp;<\/p>\n","protected":false},"excerpt":{"rendered":"<div class=\"mh-excerpt\">Rosana Mar\u00edn explica que \u201cel PP en las Cortes Valencianas present\u00f3 una enmienda a los Presupuestos de la Generalitat para ampliar a un mill\u00f3n de euros la dotaci\u00f3n econ\u00f3mica prevista en 2023, pero el PSOE, <a class=\"mh-excerpt-more\" href=\"https:\/\/www.tucomarca.com\/wordpress\/segunda\/el-pp-de-la-pobla-de-vallbona-exige-un-millon-para-el-drenaje-de-las-urbanizaciones-frente-a-los-10-000-euros-presupuestados-por-la-generalitat\/\" title=\"El PP de la Pobla de Vallbona exige un mill\u00f3n para el drenaje de las urbanizaciones frente a los 10.000 euros presupuestados por la Generalitat\">[+] <\/a><\/div>\n","protected":false},"author":12,"featured_media":169831,"comment_status":"open","ping_status":"open","sticky":false,"template":"","format":"standard","meta":{"footnotes":""},"categories":[46,128,8,174,142,3],"tags":[10395,11272],"class_list":{"0":"post-175912","1":"post","2":"type-post","3":"status-publish","4":"format-standard","5":"has-post-thumbnail","7":"category-camp-de-turia","8":"category-infraestructuras","9":"category-la-comarca","10":"category-la-pobla","11":"category-politica-la-comarca","12":"category-seccion","13":"tag-camp-de-turia","14":"tag-pp-pobla-de-vallbona"},"_links":{"self":[{"href":"https:\/\/www.tucomarca.com\/wordpress\/segunda\/wp-json\/wp\/v2\/posts\/175912","targetHints":{"allow":["GET"]}}],"collection":[{"href":"https:\/\/www.tucomarca.com\/wordpress\/segunda\/wp-json\/wp\/v2\/posts"}],"about":[{"href":"https:\/\/www.tucomarca.com\/wordpress\/segunda\/wp-json\/wp\/v2\/types\/post"}],"author":[{"embeddable":true,"href":"https:\/\/www.tucomarca.com\/wordpress\/segunda\/wp-json\/wp\/v2\/users\/12"}],"replies":[{"embeddable":true,"href":"https:\/\/www.tucomarca.com\/wordpress\/segunda\/wp-json\/wp\/v2\/comments?post=175912"}],"version-history":[{"count":0,"href":"https:\/\/www.tucomarca.com\/wordpress\/segunda\/wp-json\/wp\/v2\/posts\/175912\/revisions"}],"wp:featuredmedia":[{"embeddable":true,"href":"https:\/\/www.tucomarca.com\/wordpress\/segunda\/wp-json\/wp\/v2\/media\/169831"}],"wp:attachment":[{"href":"https:\/\/www.tucomarca.com\/wordpress\/segunda\/wp-json\/wp\/v2\/media?parent=175912"}],"wp:term":[{"taxonomy":"category","embeddable":true,"href":"https:\/\/www.tucomarca.com\/wordpress\/segunda\/wp-json\/wp\/v2\/categories?post=175912"},{"taxonomy":"post_tag","embeddable":true,"href":"https:\/\/www.tucomarca.com\/wordpress\/segunda\/wp-json\/wp\/v2\/tags?post=175912"}],"curies":[{"name":"wp","href":"https:\/\/api.w.org\/{rel}","templated":true}]}}