{"id":175957,"date":"2023-01-14T09:00:00","date_gmt":"2023-01-14T07:00:00","guid":{"rendered":"https:\/\/www.tucomarca.com\/wordpress\/segunda\/?p=175957"},"modified":"2023-01-16T11:02:51","modified_gmt":"2023-01-16T09:02:51","slug":"sanidad-notifica-22-fallecimientos-y-1-282-nuevos-casos-de-coronavirus-en-la-comunitat-valenciana-747-de-ellos-en-mayores-de-60-anos","status":"publish","type":"post","link":"https:\/\/www.tucomarca.com\/wordpress\/segunda\/sanidad-notifica-22-fallecimientos-y-1-282-nuevos-casos-de-coronavirus-en-la-comunitat-valenciana-747-de-ellos-en-mayores-de-60-anos\/","title":{"rendered":"Sanidad notifica 22 fallecimientos y 1.282 nuevos casos de coronavirus en la Comunitat Valenciana, 747 de ellos en mayores de 60 a\u00f1os"},"content":{"rendered":"\n<h3 class=\"wp-block-heading\"><strong>Los hospitales valencianos tienen 285 personas ingresadas con coronavirus, 22 de ellas en la UCI<\/strong><\/h3>\n\n\n\n<p>La Conselleria de Sanidad Universal y Salud P\u00fablica ha notificado un total de 1.282 nuevos casos de coronavirus confirmados por prueba PCR o a trav\u00e9s de test de ant\u00edgenos desde la \u00faltima actualizaci\u00f3n el pasado jueves, 5 de enero. Los nuevos casos por provincias son 160 en Castell\u00f3n (195.557 en total), 467 en Alicante (534.618 en total) y 655 en Valencia (851.723 en total).<\/p>\n\n\n\n<p>De ellos, 747 son de personas mayores de 60 a\u00f1os. Por provincias: 97 son de Castell\u00f3n, 288 de Alicante y 362 de Valencia.<\/p>\n\n\n\n<p>Los hospitales valencianos tienen actualmente 285 personas ingresadas con coronavirus, 22 de ellas en la UCI: 38 en la provincia de Castell\u00f3n, 3 en UCI; 108 en la provincia de Alicante, 6 de ellas en la UCI, y 139 en la provincia de Valencia, 13 en UCI.<\/p>\n\n\n\n<p>Se han notificado 22 fallecimientos por coronavirus desde la \u00faltima actualizaci\u00f3n, todos con fecha de defunci\u00f3n durante el mes de enero de 2023, excepto dos de diciembre de 2022. Se trata de 7 mujeres de entre 76 y 97 a\u00f1os, y 15 hombres de entre 55 y 98 a\u00f1os. El total de decesos desde el inicio de la pandemia asciende a 10.325: 1.240 registrados en la provincia de Castell\u00f3n, 3.922 en la de Alicante y 5.163 en la de Valencia.<\/p>\n","protected":false},"excerpt":{"rendered":"<div class=\"mh-excerpt\">Los hospitales valencianos tienen 285 personas ingresadas con coronavirus, 22 de ellas en la UCI La Conselleria de Sanidad Universal y Salud P\u00fablica ha notificado un total de 1.282 nuevos casos de coronavirus confirmados por <a class=\"mh-excerpt-more\" href=\"https:\/\/www.tucomarca.com\/wordpress\/segunda\/sanidad-notifica-22-fallecimientos-y-1-282-nuevos-casos-de-coronavirus-en-la-comunitat-valenciana-747-de-ellos-en-mayores-de-60-anos\/\" title=\"Sanidad notifica 22 fallecimientos y 1.282 nuevos casos de coronavirus en la Comunitat Valenciana, 747 de ellos en mayores de 60 a\u00f1os\">[+] <\/a><\/div>\n","protected":false},"author":1,"featured_media":141875,"comment_status":"open","ping_status":"open","sticky":false,"template":"","format":"standard","meta":{"footnotes":""},"categories":[119,12201,128,8,72,3,116],"tags":[11937,11938,2142,1973,2105],"class_list":{"0":"post-175957","1":"post","2":"type-post","3":"status-publish","4":"format-standard","5":"has-post-thumbnail","7":"category-sanidad-la-comarca","8":"category-covid-19","9":"category-infraestructuras","10":"category-la-comarca","11":"category-sin-categorizar","12":"category-seccion","13":"category-sucesos-la-comarca","14":"tag-coronavirus","15":"tag-covid-19","16":"tag-la-comunitat","17":"tag-vacunacion","18":"tag-vacunas"},"_links":{"self":[{"href":"https:\/\/www.tucomarca.com\/wordpress\/segunda\/wp-json\/wp\/v2\/posts\/175957","targetHints":{"allow":["GET"]}}],"collection":[{"href":"https:\/\/www.tucomarca.com\/wordpress\/segunda\/wp-json\/wp\/v2\/posts"}],"about":[{"href":"https:\/\/www.tucomarca.com\/wordpress\/segunda\/wp-json\/wp\/v2\/types\/post"}],"author":[{"embeddable":true,"href":"https:\/\/www.tucomarca.com\/wordpress\/segunda\/wp-json\/wp\/v2\/users\/1"}],"replies":[{"embeddable":true,"href":"https:\/\/www.tucomarca.com\/wordpress\/segunda\/wp-json\/wp\/v2\/comments?post=175957"}],"version-history":[{"count":0,"href":"https:\/\/www.tucomarca.com\/wordpress\/segunda\/wp-json\/wp\/v2\/posts\/175957\/revisions"}],"wp:featuredmedia":[{"embeddable":true,"href":"https:\/\/www.tucomarca.com\/wordpress\/segunda\/wp-json\/wp\/v2\/media\/141875"}],"wp:attachment":[{"href":"https:\/\/www.tucomarca.com\/wordpress\/segunda\/wp-json\/wp\/v2\/media?parent=175957"}],"wp:term":[{"taxonomy":"category","embeddable":true,"href":"https:\/\/www.tucomarca.com\/wordpress\/segunda\/wp-json\/wp\/v2\/categories?post=175957"},{"taxonomy":"post_tag","embeddable":true,"href":"https:\/\/www.tucomarca.com\/wordpress\/segunda\/wp-json\/wp\/v2\/tags?post=175957"}],"curies":[{"name":"wp","href":"https:\/\/api.w.org\/{rel}","templated":true}]}}