{"id":176128,"date":"2023-01-17T09:00:00","date_gmt":"2023-01-17T07:00:00","guid":{"rendered":"https:\/\/www.tucomarca.com\/wordpress\/segunda\/?p=176128"},"modified":"2023-01-17T22:37:09","modified_gmt":"2023-01-17T20:37:09","slug":"jaime-alguersuari-sera-nombrado-leyenda-del-circuit-en-el-racing-legends-2023","status":"publish","type":"post","link":"https:\/\/www.tucomarca.com\/wordpress\/segunda\/jaime-alguersuari-sera-nombrado-leyenda-del-circuit-en-el-racing-legends-2023\/","title":{"rendered":"Jaime Alguersuari ser\u00e1 nombrado leyenda del Circuit en el Racing Legends 2023"},"content":{"rendered":"\n<h4 class=\"wp-block-heading\">Campe\u00f3n de Espa\u00f1a y campe\u00f3n de Europa en distintas categor\u00edas, fue compa\u00f1ero y rival de Ricardo Tormo y \u00c1ngel Nieto<\/h4>\n\n\n\n<h4 class=\"wp-block-heading\">Particip\u00f3 en la creaci\u00f3n del Circuit y fue promotor de eventos clave para el motociclismo y el automovilismo en Espa\u00f1a<\/h4>\n\n\n\n<p>El Circuit Ricardo Tormo celebrar\u00e1 los d\u00edas 4 y 5 de marzo la octava edici\u00f3n del Racing Legends, su concentraci\u00f3n anual de coches y motos cl\u00e1sicas, con la figura del polifac\u00e9tico piloto, editor y organizador de grandes eventos del motor Jaime Alguersuari como protagonista.<\/p>\n\n\n\n<p>Jaime Alguersuari es uno de los personajes que m\u00e1s ha contribuido en los \u00faltimos 50 a\u00f1os al desarrollo del motociclismo y el automovilismo en Espa\u00f1a. &nbsp;Actualmente, tiene 72 a\u00f1os y entre las distintas actividades que mantiene est\u00e1 la de, a trav\u00e9s de las redes sociales, convocar a los que denomina \u201clos \u00faltimos de Filipinas\u201d para hablar sobre la actualidad del motociclismo desde el punto de vista de los moteros m\u00e1s aut\u00e9nticos del siglo pasado.<\/p>\n\n\n\n<p>Ser\u00e1n dos jornadas para recordar el motociclismo \u00e9pico de los a\u00f1os 70 en el que fue piloto, gan\u00f3 las 24 horas de Le Mans y de Monjuic, fue campe\u00f3n de Espa\u00f1a y de Europa, fue rival de \u00c1ngel Nieto y Ricardo Tormo, y tambi\u00e9n para recordar las carreras de los 80 y los 90 en los que la revista que Alguersuari cre\u00f3, \u2018Solo moto\u2019, tuvo un papel fundamental como empresa editora y como organizadora de eventos como el Crit\u00e9rium Solo Moto o el Superprestigio.<\/p>\n\n\n\n<p>En el mundo del automovilismo el trabajo de Jaime Alguersuari tambi\u00e9n ha sido clave en los \u00faltimos a\u00f1os. A finales de la d\u00e9cada de los 90, fue el impulsor de la F\u00f3rmula Nissan en la que Marc Gen\u00e9 primero y Fernando Alonso y Antonio Garc\u00eda despu\u00e9s fueron los primeros campeones. Ya en el siglo XXI, el certamen evolucion\u00f3 hacia las World Series by Renault, donde destacan en la lista de campeones los de Robert Kubica y Carlos Sainz Jr. y en las que particip\u00f3 tambi\u00e9n su hijo Jaime Alguersuari Jr., que fue piloto de F\u00f3rmula 1 de 2009 a 2011.<\/p>\n\n\n\n<p>Adem\u00e1s, por encargo de la Generalitat Valenciana, el polifac\u00e9tico protagonista del Racing Legends dise\u00f1\u00f3 la configuraci\u00f3n del Circuit Ricardo Tomo que fue inaugurado en 1999 con la ayuda de los pilotos valencianos Jorge Mart\u00ednez Aspar y Adri\u00e1n Campos.<\/p>\n\n\n\n<p>Alguersuari ser\u00e1 protagonista en la pista, con una exhibici\u00f3n a los mandos de la Ossa con la que Santiago Herrero estuvo cerca de ganar el mundial y con la que tuvo el fatal accidente en la Isla de Man, y tambi\u00e9n fuera de la pista, con conferencias abiertas para que los asistentes comenten con \u00e9l y con otros pilotos de renombre detalles del motociclismo y del automovilismo de entonces y de ahora.<\/p>\n\n\n\n<p><strong>M\u00e1s de mil veh\u00edculos cl\u00e1sicos<\/strong><\/p>\n\n\n\n<p>Motos, coches, bicis y tambi\u00e9n camiones cl\u00e1sicos formar\u00e1n parte de la concentraci\u00f3n. Buena parte de ellos participar\u00e1n en distintas actividades, exhibiciones y carreras en el trazado mundialista de Cheste. El resto compondr\u00e1n una exposici\u00f3n gigante en la que no faltar\u00e1n actividades para toda la familia.<\/p>\n\n\n\n<p>Las entradas para asistir al evento estar\u00e1n a la venta muy pronto en la p\u00e1gina web del&nbsp;Circuit.<\/p>\n","protected":false},"excerpt":{"rendered":"<div class=\"mh-excerpt\">Campe\u00f3n de Espa\u00f1a y campe\u00f3n de Europa en distintas categor\u00edas, fue compa\u00f1ero y rival de Ricardo Tormo y \u00c1ngel Nieto Particip\u00f3 en la creaci\u00f3n del Circuit y fue promotor de eventos clave para el motociclismo <a class=\"mh-excerpt-more\" href=\"https:\/\/www.tucomarca.com\/wordpress\/segunda\/jaime-alguersuari-sera-nombrado-leyenda-del-circuit-en-el-racing-legends-2023\/\" title=\"Jaime Alguersuari ser\u00e1 nombrado leyenda del Circuit en el Racing Legends 2023\">[+] <\/a><\/div>\n","protected":false},"author":12,"featured_media":176136,"comment_status":"open","ping_status":"open","sticky":false,"template":"","format":"standard","meta":{"footnotes":""},"categories":[17,6,8,72,10,91,3],"tags":[10474,18678,18677],"class_list":{"0":"post-176128","1":"post","2":"type-post","3":"status-publish","4":"format-standard","5":"has-post-thumbnail","7":"category-cheste","8":"category-deportes","9":"category-la-comarca","10":"category-sin-categorizar","11":"category-la-hoya","12":"category-motociclismo","13":"category-seccion","14":"tag-circuit-ricardo-tormo","15":"tag-jaime-alguersuari","16":"tag-racing-legends-2023"},"_links":{"self":[{"href":"https:\/\/www.tucomarca.com\/wordpress\/segunda\/wp-json\/wp\/v2\/posts\/176128","targetHints":{"allow":["GET"]}}],"collection":[{"href":"https:\/\/www.tucomarca.com\/wordpress\/segunda\/wp-json\/wp\/v2\/posts"}],"about":[{"href":"https:\/\/www.tucomarca.com\/wordpress\/segunda\/wp-json\/wp\/v2\/types\/post"}],"author":[{"embeddable":true,"href":"https:\/\/www.tucomarca.com\/wordpress\/segunda\/wp-json\/wp\/v2\/users\/12"}],"replies":[{"embeddable":true,"href":"https:\/\/www.tucomarca.com\/wordpress\/segunda\/wp-json\/wp\/v2\/comments?post=176128"}],"version-history":[{"count":0,"href":"https:\/\/www.tucomarca.com\/wordpress\/segunda\/wp-json\/wp\/v2\/posts\/176128\/revisions"}],"wp:featuredmedia":[{"embeddable":true,"href":"https:\/\/www.tucomarca.com\/wordpress\/segunda\/wp-json\/wp\/v2\/media\/176136"}],"wp:attachment":[{"href":"https:\/\/www.tucomarca.com\/wordpress\/segunda\/wp-json\/wp\/v2\/media?parent=176128"}],"wp:term":[{"taxonomy":"category","embeddable":true,"href":"https:\/\/www.tucomarca.com\/wordpress\/segunda\/wp-json\/wp\/v2\/categories?post=176128"},{"taxonomy":"post_tag","embeddable":true,"href":"https:\/\/www.tucomarca.com\/wordpress\/segunda\/wp-json\/wp\/v2\/tags?post=176128"}],"curies":[{"name":"wp","href":"https:\/\/api.w.org\/{rel}","templated":true}]}}