{"id":176379,"date":"2023-01-20T18:00:00","date_gmt":"2023-01-20T16:00:00","guid":{"rendered":"https:\/\/www.tucomarca.com\/wordpress\/segunda\/?p=176379"},"modified":"2023-01-20T20:07:56","modified_gmt":"2023-01-20T18:07:56","slug":"sanidad-notifica-23-fallecimientos-y-1-078-nuevos-casos-de-coronavirus-en-la-comunitat-valenciana-614-de-ellos-en-personas-mayores-de-60-anos","status":"publish","type":"post","link":"https:\/\/www.tucomarca.com\/wordpress\/segunda\/sanidad-notifica-23-fallecimientos-y-1-078-nuevos-casos-de-coronavirus-en-la-comunitat-valenciana-614-de-ellos-en-personas-mayores-de-60-anos\/","title":{"rendered":"Sanidad notifica 23 fallecimientos y 1.078 nuevos casos de coronavirus en la Comunitat Valenciana, 614 de ellos en personas mayores de 60 a\u00f1os"},"content":{"rendered":"\n<h3 class=\"wp-block-heading\"><strong>Los hospitales valencianos tienen 223 personas ingresadas por COVID, 15 de ellas en la UCI<\/strong><\/h3>\n\n\n\n<p>La Conselleria de Sanidad Universal y Salud P\u00fablica ha notificado un total de 1.078 nuevos casos de coronavirus confirmados por prueba PCR o a trav\u00e9s de test de ant\u00edgenos desde la \u00faltima actualizaci\u00f3n el pasado viernes. Los nuevos casos por provincias son 142 en Castell\u00f3n (195.699 en total), 409 en Alicante (535.027 en total) y 527 en Valencia (852.250 en total).<\/p>\n\n\n\n<p>De ellos, 614 son de personas mayores de 60 a\u00f1os. Por provincias: 82 de Castell\u00f3n, 261 de Alicante y 271 de Valencia.<\/p>\n\n\n\n<p>Los hospitales valencianos tienen actualmente 223 personas ingresadas por coronavirus, 15 de ellas en la UCI: 21 en la provincia de Castell\u00f3n, 0 en UCI; 123 en la provincia de Alicante, 9 de ellas en la UCI, y 79 en la provincia de Valencia, 6 en UCI.<\/p>\n\n\n\n<p>Se han notificado 23 fallecimientos por coronavirus desde la \u00faltima actualizaci\u00f3n, todos con defunci\u00f3n en los \u00faltimos 15 d\u00edas. Se trata de 8 mujeres, de entre 72 y 100 a\u00f1os, y 15 hombres de entre 63 y 90 a\u00f1os. El total de decesos desde el inicio de la pandemia asciende a 10.348: 1.243 en la provincia de Castell\u00f3n, 3.928 en la de Alicante y 5.177 en la de Valencia.<\/p>\n","protected":false},"excerpt":{"rendered":"<div class=\"mh-excerpt\">Los hospitales valencianos tienen 223 personas ingresadas por COVID, 15 de ellas en la UCI La Conselleria de Sanidad Universal y Salud P\u00fablica ha notificado un total de 1.078 nuevos casos de coronavirus confirmados por <a class=\"mh-excerpt-more\" href=\"https:\/\/www.tucomarca.com\/wordpress\/segunda\/sanidad-notifica-23-fallecimientos-y-1-078-nuevos-casos-de-coronavirus-en-la-comunitat-valenciana-614-de-ellos-en-personas-mayores-de-60-anos\/\" title=\"Sanidad notifica 23 fallecimientos y 1.078 nuevos casos de coronavirus en la Comunitat Valenciana, 614 de ellos en personas mayores de 60 a\u00f1os\">[+] <\/a><\/div>\n","protected":false},"author":1,"featured_media":153021,"comment_status":"open","ping_status":"open","sticky":false,"template":"","format":"standard","meta":{"footnotes":""},"categories":[128,8,72,3,116],"tags":[11937,11938,11951,2142],"class_list":{"0":"post-176379","1":"post","2":"type-post","3":"status-publish","4":"format-standard","5":"has-post-thumbnail","7":"category-infraestructuras","8":"category-la-comarca","9":"category-sin-categorizar","10":"category-seccion","11":"category-sucesos-la-comarca","12":"tag-coronavirus","13":"tag-covid-19","14":"tag-covid2019","15":"tag-la-comunitat"},"_links":{"self":[{"href":"https:\/\/www.tucomarca.com\/wordpress\/segunda\/wp-json\/wp\/v2\/posts\/176379","targetHints":{"allow":["GET"]}}],"collection":[{"href":"https:\/\/www.tucomarca.com\/wordpress\/segunda\/wp-json\/wp\/v2\/posts"}],"about":[{"href":"https:\/\/www.tucomarca.com\/wordpress\/segunda\/wp-json\/wp\/v2\/types\/post"}],"author":[{"embeddable":true,"href":"https:\/\/www.tucomarca.com\/wordpress\/segunda\/wp-json\/wp\/v2\/users\/1"}],"replies":[{"embeddable":true,"href":"https:\/\/www.tucomarca.com\/wordpress\/segunda\/wp-json\/wp\/v2\/comments?post=176379"}],"version-history":[{"count":0,"href":"https:\/\/www.tucomarca.com\/wordpress\/segunda\/wp-json\/wp\/v2\/posts\/176379\/revisions"}],"wp:featuredmedia":[{"embeddable":true,"href":"https:\/\/www.tucomarca.com\/wordpress\/segunda\/wp-json\/wp\/v2\/media\/153021"}],"wp:attachment":[{"href":"https:\/\/www.tucomarca.com\/wordpress\/segunda\/wp-json\/wp\/v2\/media?parent=176379"}],"wp:term":[{"taxonomy":"category","embeddable":true,"href":"https:\/\/www.tucomarca.com\/wordpress\/segunda\/wp-json\/wp\/v2\/categories?post=176379"},{"taxonomy":"post_tag","embeddable":true,"href":"https:\/\/www.tucomarca.com\/wordpress\/segunda\/wp-json\/wp\/v2\/tags?post=176379"}],"curies":[{"name":"wp","href":"https:\/\/api.w.org\/{rel}","templated":true}]}}