{"id":176421,"date":"2023-01-20T15:15:00","date_gmt":"2023-01-20T13:15:00","guid":{"rendered":"https:\/\/www.tucomarca.com\/wordpress\/segunda\/?p=176421"},"modified":"2023-01-20T22:28:37","modified_gmt":"2023-01-20T20:28:37","slug":"el-prya-muestra-su-apoyo-al-sector-del-cava-de-requena-ante-el-nuevo-ataque-de-los-bodegueros-catalanes","status":"publish","type":"post","link":"https:\/\/www.tucomarca.com\/wordpress\/segunda\/el-prya-muestra-su-apoyo-al-sector-del-cava-de-requena-ante-el-nuevo-ataque-de-los-bodegueros-catalanes\/","title":{"rendered":"El PRyA muestra su apoyo al sector del Cava de Requena ante el \u00abnuevo ataque de los bodegueros catalanes\u00bb"},"content":{"rendered":"\n<p>Desde el Partido de Requena y Aldeas muestran su apoyo al Cava de Requena: \u00abqueremos expresar nuestro m\u00e1s firme apoyo a todo el sector del Cava de Requena, que est\u00e1 siendo otra vez atacado por las bodegas catalanas\u00bb., han manifestado desde el PRyA\u00a0<\/p>\n\n\n\n<p>\u00abDespu\u00e9s de darnos la raz\u00f3n la justicia para poder utilizar el \u00fanico nombre que nos representa, el de Cava de Requena, ahora los representantes de la DO Cava recurren al Tribunal Supremo el fallo del TSJM que nos daba la raz\u00f3n\u00bb, a\u00f1aden.\u00a0<\/p>\n\n\n\n<p>\u00abEl&nbsp;Pleno del Consejo Regulador de la Denominaci\u00f3n de Origen Cava, controlado por los catalanes, ha decidido&nbsp;impugnar&nbsp;la sentencia del Tribunal Superior de Justicia de Madrid que&nbsp;avala el uso del t\u00e9rmino &#8216;Cava de Requena&#8217;, con el voto en contra del vocal de los productores valencianos y extreme\u00f1os, Fernando Medina, y con dos abstenciones del sector productor\u00bb.<\/p>\n\n\n\n<p>\u00abEste ataque del sector catal\u00e1n del cava no obedece a la posible confusi\u00f3n\u00a0al consumidor respecto a la DO Utiel-Requena. Sus motivos, aunque no los dicen, no son otros que la fuerte competencia que el cava de Requena hace a los producidos en Catalu\u00f1a, y no tienen otro modo de frenarnos que con estos m\u00e9todos rastreros y vergonzosos que parecen m\u00e1s propios de una organizaci\u00f3n mafiosa\u00bb, dice el PRyA.\u00a0<\/p>\n\n\n\n<p>\u00abEl Cava de Requena es una parte muy importante de nuestra econom\u00eda local y ya es un referente m\u00e1s de nuestra identidad, por eso debemos defenderlo con firmeza de los ataques catalanes a nuestro sector\u00bb.&nbsp;<\/p>\n\n\n\n<p>\u00abDesde el PRyA queremos expresar nuestra repulsa m\u00e1s absoluta a este nuevo ataque de los bodegueros catalanes al Cava de Requena, y ofrecemos todo lo que est\u00e9 en nuestra mano como formaci\u00f3n pol\u00edtica a los productores requenenses\u00bb, finalizan.<\/p>\n","protected":false},"excerpt":{"rendered":"<div class=\"mh-excerpt\">Desde el Partido de Requena y Aldeas muestran su apoyo al Cava de Requena: \u00abqueremos expresar nuestro m\u00e1s firme apoyo a todo el sector del Cava de Requena, que est\u00e1 siendo otra vez atacado por <a class=\"mh-excerpt-more\" href=\"https:\/\/www.tucomarca.com\/wordpress\/segunda\/el-prya-muestra-su-apoyo-al-sector-del-cava-de-requena-ante-el-nuevo-ataque-de-los-bodegueros-catalanes\/\" title=\"El PRyA muestra su apoyo al sector del Cava de Requena ante el \u00abnuevo ataque de los bodegueros catalanes\u00bb\">[+] <\/a><\/div>\n","protected":false},"author":12,"featured_media":176426,"comment_status":"open","ping_status":"open","sticky":false,"template":"","format":"standard","meta":{"footnotes":""},"categories":[169,128,8,142,28,27,3],"tags":[13147,7827,10388,10387],"class_list":{"0":"post-176421","1":"post","2":"type-post","3":"status-publish","4":"format-standard","5":"has-post-thumbnail","7":"category-agricultura-la-comarca","8":"category-infraestructuras","9":"category-la-comarca","10":"category-politica-la-comarca","11":"category-requena","12":"category-requena-utiel","13":"category-seccion","14":"tag-cava-de-requena","15":"tag-prya","16":"tag-requena","17":"tag-requena-utiel"},"_links":{"self":[{"href":"https:\/\/www.tucomarca.com\/wordpress\/segunda\/wp-json\/wp\/v2\/posts\/176421","targetHints":{"allow":["GET"]}}],"collection":[{"href":"https:\/\/www.tucomarca.com\/wordpress\/segunda\/wp-json\/wp\/v2\/posts"}],"about":[{"href":"https:\/\/www.tucomarca.com\/wordpress\/segunda\/wp-json\/wp\/v2\/types\/post"}],"author":[{"embeddable":true,"href":"https:\/\/www.tucomarca.com\/wordpress\/segunda\/wp-json\/wp\/v2\/users\/12"}],"replies":[{"embeddable":true,"href":"https:\/\/www.tucomarca.com\/wordpress\/segunda\/wp-json\/wp\/v2\/comments?post=176421"}],"version-history":[{"count":0,"href":"https:\/\/www.tucomarca.com\/wordpress\/segunda\/wp-json\/wp\/v2\/posts\/176421\/revisions"}],"wp:featuredmedia":[{"embeddable":true,"href":"https:\/\/www.tucomarca.com\/wordpress\/segunda\/wp-json\/wp\/v2\/media\/176426"}],"wp:attachment":[{"href":"https:\/\/www.tucomarca.com\/wordpress\/segunda\/wp-json\/wp\/v2\/media?parent=176421"}],"wp:term":[{"taxonomy":"category","embeddable":true,"href":"https:\/\/www.tucomarca.com\/wordpress\/segunda\/wp-json\/wp\/v2\/categories?post=176421"},{"taxonomy":"post_tag","embeddable":true,"href":"https:\/\/www.tucomarca.com\/wordpress\/segunda\/wp-json\/wp\/v2\/tags?post=176421"}],"curies":[{"name":"wp","href":"https:\/\/api.w.org\/{rel}","templated":true}]}}